{"id":26159,"date":"2015-09-29T13:38:12","date_gmt":"2015-09-29T12:38:12","guid":{"rendered":"http:\/\/2horizontes.com\/?p=26159"},"modified":"2015-09-29T13:38:12","modified_gmt":"2015-09-29T12:38:12","slug":"raul-castro-reitera-condiciones-para-completar-normalizacion-de-vinculos-con-eeuu","status":"publish","type":"post","link":"https:\/\/2horizontes.com\/?p=26159","title":{"rendered":"Ra\u00fal Castro reitera condiciones para completar normalizaci\u00f3n de v\u00ednculos con EEUU"},"content":{"rendered":"<div id=\"ArticleAuthorDiv\" class=\"article-body-author\"><b>EFE<\/b><\/div>\n<div id=\"ArticleSourceDiv\" class=\"article-body-author\"><b>Naciones Unidas<\/b><\/div>\n<div id=\"ArticleBody\">\n<p>El presidente cubano, Ra\u00fal Castro, reiter\u00f3 que el \u00ablargo proceso de normalizaci\u00f3n de las relaciones\u00bb con EE.UU. culminar\u00e1 cuando, entre otras medidas, el pa\u00eds norteamericano devuelva la base de Guant\u00e1namo y pague compensaciones por el embargo comercial.<\/p>\n<p>Castro intervino por primera vez en el debate anual de alto nivel en la Asamblea General de la ONU, con un discurso en el que expres\u00f3 su solidaridad con varios Gobiernos de la regi\u00f3n y se refiri\u00f3 a la decisi\u00f3n de Cuba y EE.UU. de normalizar sus v\u00ednculos.<\/p>\n<p>\u00abTras 56 a\u00f1os de heroica y abnegada resistencia del pueblo cubano, quedaron restablecidas las relaciones diplom\u00e1ticas y las embajadas en las respectivas capitales\u00bb, afirm\u00f3 Castro.<\/p>\n<\/div>\n<div><\/div>\n<p>&nbsp;<\/p>\n","protected":false},"excerpt":{"rendered":"<p>EFE Naciones Unidas El presidente cubano, Ra\u00fal Castro, reiter\u00f3 que el \u00ablargo proceso de normalizaci\u00f3n de las relaciones\u00bb con EE.UU. culminar\u00e1 cuando, entre otras medidas, el pa\u00eds norteamericano devuelva la base de Guant\u00e1namo y pague compensaciones por el embargo comercial. Castro intervino por primera vez en el debate anual de alto nivel en la Asamblea [&hellip;]<\/p>\n","protected":false},"author":7,"featured_media":26160,"comment_status":"open","ping_status":"open","sticky":false,"template":"","format":"standard","meta":{"footnotes":""},"categories":[49,63,40,43],"tags":[],"class_list":["post-26159","post","type-post","status-publish","format-standard","has-post-thumbnail","hentry","category-cuba","category-economia","category-internacionales","category-politica"],"_links":{"self":[{"href":"https:\/\/2horizontes.com\/index.php?rest_route=\/wp\/v2\/posts\/26159","targetHints":{"allow":["GET"]}}],"collection":[{"href":"https:\/\/2horizontes.com\/index.php?rest_route=\/wp\/v2\/posts"}],"about":[{"href":"https:\/\/2horizontes.com\/index.php?rest_route=\/wp\/v2\/types\/post"}],"author":[{"embeddable":true,"href":"https:\/\/2horizontes.com\/index.php?rest_route=\/wp\/v2\/users\/7"}],"replies":[{"embeddable":true,"href":"https:\/\/2horizontes.com\/index.php?rest_route=%2Fwp%2Fv2%2Fcomments&post=26159"}],"version-history":[{"count":1,"href":"https:\/\/2horizontes.com\/index.php?rest_route=\/wp\/v2\/posts\/26159\/revisions"}],"predecessor-version":[{"id":26161,"href":"https:\/\/2horizontes.com\/index.php?rest_route=\/wp\/v2\/posts\/26159\/revisions\/26161"}],"wp:featuredmedia":[{"embeddable":true,"href":"https:\/\/2horizontes.com\/index.php?rest_route=\/wp\/v2\/media\/26160"}],"wp:attachment":[{"href":"https:\/\/2horizontes.com\/index.php?rest_route=%2Fwp%2Fv2%2Fmedia&parent=26159"}],"wp:term":[{"taxonomy":"category","embeddable":true,"href":"https:\/\/2horizontes.com\/index.php?rest_route=%2Fwp%2Fv2%2Fcategories&post=26159"},{"taxonomy":"post_tag","embeddable":true,"href":"https:\/\/2horizontes.com\/index.php?rest_route=%2Fwp%2Fv2%2Ftags&post=26159"}],"curies":[{"name":"wp","href":"https:\/\/api.w.org\/{rel}","templated":true}]}}