{"id":26089,"date":"2015-09-29T02:43:03","date_gmt":"2015-09-29T01:43:03","guid":{"rendered":"http:\/\/2horizontes.com\/?p=26089"},"modified":"2015-09-29T02:43:03","modified_gmt":"2015-09-29T01:43:03","slug":"el-presidente-medina-hablara-manana-ante-la-asamblea-general-de-la-onu","status":"publish","type":"post","link":"https:\/\/2horizontes.com\/?p=26089","title":{"rendered":"El presidente Medina hablar\u00e1 ma\u00f1ana ante la Asamblea General de la ONU"},"content":{"rendered":"<p>EFE-El presidente Danilo Medina asisti\u00f3 hoy, lunes, a la apertura de la 70 sesi\u00f3n de debate de la Asamblea General de Naciones Unidas, donde tiene previsto intervenir ma\u00f1ana, inform\u00f3 la Presidencia Nacional.<\/p>\n<p>Medina ya estuvo el viernes en la ONU, donde particip\u00f3 en la Cumbre de Naciones Unidas para la Adopci\u00f3n de la Agenda Desarrollo Sostenible Post 2015.<\/p>\n<p>En este escenario, el mandatario dominicano proclam\u00f3 el compromiso de Rep\u00fablica Dominicana con los Objetivos y la Agenda de Desarrollo 2030 y manifest\u00f3 su aspiraci\u00f3n de que los pa\u00edses encuentren voluntad para \u201cescapar del pecado de la indiferencia\u201d.<\/p>\n<p>Medina ha desarrollado en Nueva York una intensa agenda de trabajo, que incluy\u00f3 una reuni\u00f3 el s\u00e1bado con algunos jefes de Estado y de Gobierno de los pa\u00edses miembros del Sistema de la Integraci\u00f3n Centroamericana (SICA), con quienes intercambi\u00f3 sobre temas comunes en la regi\u00f3n y quienes felicitaron a Guatemala por haber resuelto su crisis pol\u00edtica \u201cdentro del orden constitucional\u201d.<\/p>\n<p>Adem\u00e1s, tras su intervenci\u00f3n en la Cumbre de Naciones Unidas para la Adopci\u00f3n de la Agenda de Desarrollo Post 2015, en Nueva York, el gobernante dominicano, inform\u00f3 en Santo Domingo la Presidencia, intercambi\u00f3 impresiones con otros hom\u00f3logos latinoamericanos, entre ellos el presidente ecuatoriano, Rafael Correa.<\/p>\n<p>A su vez, en la tarde de ayer, se reuni\u00f3 con dominicanos residentes en esa ciudad, mientras que el viernes mantuvo encuentros con ejecutivos de la empresa generadora de energ\u00eda AES y con senador estatal, Adriano Espaillat.<\/p>\n<p>Ese mismo d\u00eda, se reuni\u00f3 con l\u00edderes evang\u00e9licos de Nueva York y Nueva Jersey, as\u00ed como de la Rep\u00fablica Dominicana.EFE<\/p>\n","protected":false},"excerpt":{"rendered":"<p>EFE-El presidente Danilo Medina asisti\u00f3 hoy, lunes, a la apertura de la 70 sesi\u00f3n de debate de la Asamblea General de Naciones Unidas, donde tiene previsto intervenir ma\u00f1ana, inform\u00f3 la Presidencia Nacional. Medina ya estuvo el viernes en la ONU, donde particip\u00f3 en la Cumbre de Naciones Unidas para la Adopci\u00f3n de la Agenda Desarrollo [&hellip;]<\/p>\n","protected":false},"author":8,"featured_media":26090,"comment_status":"open","ping_status":"open","sticky":false,"template":"","format":"standard","meta":{"footnotes":""},"categories":[40,43],"tags":[],"class_list":["post-26089","post","type-post","status-publish","format-standard","has-post-thumbnail","hentry","category-internacionales","category-politica"],"_links":{"self":[{"href":"https:\/\/2horizontes.com\/index.php?rest_route=\/wp\/v2\/posts\/26089","targetHints":{"allow":["GET"]}}],"collection":[{"href":"https:\/\/2horizontes.com\/index.php?rest_route=\/wp\/v2\/posts"}],"about":[{"href":"https:\/\/2horizontes.com\/index.php?rest_route=\/wp\/v2\/types\/post"}],"author":[{"embeddable":true,"href":"https:\/\/2horizontes.com\/index.php?rest_route=\/wp\/v2\/users\/8"}],"replies":[{"embeddable":true,"href":"https:\/\/2horizontes.com\/index.php?rest_route=%2Fwp%2Fv2%2Fcomments&post=26089"}],"version-history":[{"count":1,"href":"https:\/\/2horizontes.com\/index.php?rest_route=\/wp\/v2\/posts\/26089\/revisions"}],"predecessor-version":[{"id":26091,"href":"https:\/\/2horizontes.com\/index.php?rest_route=\/wp\/v2\/posts\/26089\/revisions\/26091"}],"wp:featuredmedia":[{"embeddable":true,"href":"https:\/\/2horizontes.com\/index.php?rest_route=\/wp\/v2\/media\/26090"}],"wp:attachment":[{"href":"https:\/\/2horizontes.com\/index.php?rest_route=%2Fwp%2Fv2%2Fmedia&parent=26089"}],"wp:term":[{"taxonomy":"category","embeddable":true,"href":"https:\/\/2horizontes.com\/index.php?rest_route=%2Fwp%2Fv2%2Fcategories&post=26089"},{"taxonomy":"post_tag","embeddable":true,"href":"https:\/\/2horizontes.com\/index.php?rest_route=%2Fwp%2Fv2%2Ftags&post=26089"}],"curies":[{"name":"wp","href":"https:\/\/api.w.org\/{rel}","templated":true}]}}