{"id":26069,"date":"2015-09-28T18:05:57","date_gmt":"2015-09-28T17:05:57","guid":{"rendered":"http:\/\/2horizontes.com\/?p=26069"},"modified":"2015-09-28T18:05:57","modified_gmt":"2015-09-28T17:05:57","slug":"agropecuarios-realizan-huelga-en-contra-de-bajos-salarios-rd","status":"publish","type":"post","link":"https:\/\/2horizontes.com\/?p=26069","title":{"rendered":"Agropecuarios realizan huelga en contra de bajos salarios RD"},"content":{"rendered":"<p><strong>RD-SAN\u00a0JUAN<\/strong>&#8211;\u00a0Profesionales agropecuarios iniciaron este lunes una huelga indefinida en demando del cumplimiento de los acuerdos para mejorar los salarios de los agr\u00f3nomos.<\/p>\n<p>Expresaron que los agr\u00f3nomos y dem\u00e1s t\u00e9cnicos agropecuarios est\u00e1n pasando calamidades fruto de la situaci\u00f3n, mientras el ministro \u00c1ngel Esteves est\u00e1 nombrando nuevos t\u00e9cnicos con salarios por encima de lo que ganan ellos.<\/p>\n<p>Dijeron que no es justo que nombren profesionales reci\u00e9n graduados con hasta 45 mil pesos, mientras ellos que llevan una vida laborando su salario no excede los 22 mil pesos.<\/p>\n<p>Manifestaron que no detendr\u00e1n su lucha porque incluso hay t\u00e9cnicos enfermos que por dicha situaci\u00f3n est\u00e1n siendo pensionados con solo 12 mil pesos, luego de haberle dado su vida al estado.<\/p>\n","protected":false},"excerpt":{"rendered":"<p>RD-SAN\u00a0JUAN&#8211;\u00a0Profesionales agropecuarios iniciaron este lunes una huelga indefinida en demando del cumplimiento de los acuerdos para mejorar los salarios de los agr\u00f3nomos. Expresaron que los agr\u00f3nomos y dem\u00e1s t\u00e9cnicos agropecuarios est\u00e1n pasando calamidades fruto de la situaci\u00f3n, mientras el ministro \u00c1ngel Esteves est\u00e1 nombrando nuevos t\u00e9cnicos con salarios por encima de lo que ganan ellos. [&hellip;]<\/p>\n","protected":false},"author":8,"featured_media":26070,"comment_status":"open","ping_status":"open","sticky":false,"template":"","format":"standard","meta":{"footnotes":""},"categories":[63,53,44],"tags":[],"class_list":["post-26069","post","type-post","status-publish","format-standard","has-post-thumbnail","hentry","category-economia","category-provincias","category-republica-dominicana"],"_links":{"self":[{"href":"https:\/\/2horizontes.com\/index.php?rest_route=\/wp\/v2\/posts\/26069","targetHints":{"allow":["GET"]}}],"collection":[{"href":"https:\/\/2horizontes.com\/index.php?rest_route=\/wp\/v2\/posts"}],"about":[{"href":"https:\/\/2horizontes.com\/index.php?rest_route=\/wp\/v2\/types\/post"}],"author":[{"embeddable":true,"href":"https:\/\/2horizontes.com\/index.php?rest_route=\/wp\/v2\/users\/8"}],"replies":[{"embeddable":true,"href":"https:\/\/2horizontes.com\/index.php?rest_route=%2Fwp%2Fv2%2Fcomments&post=26069"}],"version-history":[{"count":1,"href":"https:\/\/2horizontes.com\/index.php?rest_route=\/wp\/v2\/posts\/26069\/revisions"}],"predecessor-version":[{"id":26071,"href":"https:\/\/2horizontes.com\/index.php?rest_route=\/wp\/v2\/posts\/26069\/revisions\/26071"}],"wp:featuredmedia":[{"embeddable":true,"href":"https:\/\/2horizontes.com\/index.php?rest_route=\/wp\/v2\/media\/26070"}],"wp:attachment":[{"href":"https:\/\/2horizontes.com\/index.php?rest_route=%2Fwp%2Fv2%2Fmedia&parent=26069"}],"wp:term":[{"taxonomy":"category","embeddable":true,"href":"https:\/\/2horizontes.com\/index.php?rest_route=%2Fwp%2Fv2%2Fcategories&post=26069"},{"taxonomy":"post_tag","embeddable":true,"href":"https:\/\/2horizontes.com\/index.php?rest_route=%2Fwp%2Fv2%2Ftags&post=26069"}],"curies":[{"name":"wp","href":"https:\/\/api.w.org\/{rel}","templated":true}]}}