{"id":26039,"date":"2015-09-28T16:12:17","date_gmt":"2015-09-28T15:12:17","guid":{"rendered":"http:\/\/2horizontes.com\/?p=26039"},"modified":"2015-09-28T16:12:17","modified_gmt":"2015-09-28T15:12:17","slug":"un-eclipse-y-una-super-luna-ofrecieron-una-imagen-poco-comun","status":"publish","type":"post","link":"https:\/\/2horizontes.com\/?p=26039","title":{"rendered":"Un eclipse y una Super Luna ofrecieron una imagen poco com\u00fan"},"content":{"rendered":"<div id=\"stcpDiv\">\n<p><strong>LOS ANGELES (AP) \u2014<\/strong> Los aficionados a la astronom\u00eda disfrutaron de la un fen\u00f3meno astron\u00f3mico poco habitual madrugada, cuando un eclipse total de luna se combin\u00f3 con la llamada superluna.<\/p>\n<div>\n<p>En Estados Unidos, Europa, \u00c1frica y Asia occidental pod\u00eda verse el efecto, si el clima lo permit\u00eda, el domingo por la noche o el lunes de madrugada.<\/p>\n<p>Se trata de la primera vez que ambos sucesos coinciden desde 1982, y no volver\u00e1 a ocurrir hasta 2033.<\/p>\n<p>Cuando la Luna llena est\u00e1 en su posici\u00f3n m\u00e1s cercana a la Tierra, parece ligeramente m\u00e1s grande y brillante de lo normal, y tiene un tono rojizo.<\/p>\n<p>Eso coincide con un eclipse total de luna, en el que la Luna, la Tierra y el Sol se alinean y la sombra de la Tierra oscurece por completo la Luna.<\/p>\n<p>El fen\u00f3meno dura en torno a una hora, y por ejemplo se registr\u00f3 en la costa este de Estados Unidos a las 10:11 de la noche EDT. En Europa, pudo verse antes del amanecer del lunes.<\/p>\n<p>Una gran multitud llen\u00f3 el jard\u00edn del Observatorio Griffith de Los \u00c1ngeles para ver el espect\u00e1culo mientras escuchaba la \u00abSonata Luz de Luna\u00bb de Beethoven, interpretada por el pianista de 14 a\u00f1os Ray Ushikubo.<\/p>\n<p>\u00abUno siempre quiere ver el eclipse, porque siempre son diferentes\u00bb, coment\u00f3 el astr\u00f3nomo Edwin Krupp, director del destacado observatorio.<\/p>\n<p>\u00abLo que vemos esta noche ser\u00e1 diferente del \u00faltimo fen\u00f3meno: lo oscura que es, lo roja que es. Siempre es interesante de ver\u00bb, dijo Krupp, explicando que el componente extra de la atm\u00f3sfera terrestre supone otra variable en el fen\u00f3meno.<\/p>\n<\/div>\n<\/div>\n","protected":false},"excerpt":{"rendered":"<p>LOS ANGELES (AP) \u2014 Los aficionados a la astronom\u00eda disfrutaron de la un fen\u00f3meno astron\u00f3mico poco habitual madrugada, cuando un eclipse total de luna se combin\u00f3 con la llamada superluna. En Estados Unidos, Europa, \u00c1frica y Asia occidental pod\u00eda verse el efecto, si el clima lo permit\u00eda, el domingo por la noche o el lunes [&hellip;]<\/p>\n","protected":false},"author":8,"featured_media":26040,"comment_status":"open","ping_status":"open","sticky":false,"template":"","format":"standard","meta":{"footnotes":""},"categories":[40,84],"tags":[],"class_list":["post-26039","post","type-post","status-publish","format-standard","has-post-thumbnail","hentry","category-internacionales","category-otras-noticias"],"_links":{"self":[{"href":"https:\/\/2horizontes.com\/index.php?rest_route=\/wp\/v2\/posts\/26039","targetHints":{"allow":["GET"]}}],"collection":[{"href":"https:\/\/2horizontes.com\/index.php?rest_route=\/wp\/v2\/posts"}],"about":[{"href":"https:\/\/2horizontes.com\/index.php?rest_route=\/wp\/v2\/types\/post"}],"author":[{"embeddable":true,"href":"https:\/\/2horizontes.com\/index.php?rest_route=\/wp\/v2\/users\/8"}],"replies":[{"embeddable":true,"href":"https:\/\/2horizontes.com\/index.php?rest_route=%2Fwp%2Fv2%2Fcomments&post=26039"}],"version-history":[{"count":1,"href":"https:\/\/2horizontes.com\/index.php?rest_route=\/wp\/v2\/posts\/26039\/revisions"}],"predecessor-version":[{"id":26041,"href":"https:\/\/2horizontes.com\/index.php?rest_route=\/wp\/v2\/posts\/26039\/revisions\/26041"}],"wp:featuredmedia":[{"embeddable":true,"href":"https:\/\/2horizontes.com\/index.php?rest_route=\/wp\/v2\/media\/26040"}],"wp:attachment":[{"href":"https:\/\/2horizontes.com\/index.php?rest_route=%2Fwp%2Fv2%2Fmedia&parent=26039"}],"wp:term":[{"taxonomy":"category","embeddable":true,"href":"https:\/\/2horizontes.com\/index.php?rest_route=%2Fwp%2Fv2%2Fcategories&post=26039"},{"taxonomy":"post_tag","embeddable":true,"href":"https:\/\/2horizontes.com\/index.php?rest_route=%2Fwp%2Fv2%2Ftags&post=26039"}],"curies":[{"name":"wp","href":"https:\/\/api.w.org\/{rel}","templated":true}]}}