{"id":26036,"date":"2015-09-28T16:03:17","date_gmt":"2015-09-28T15:03:17","guid":{"rendered":"http:\/\/2horizontes.com\/?p=26036"},"modified":"2015-09-28T16:03:17","modified_gmt":"2015-09-28T15:03:17","slug":"dos-hombres-mueren-en-accidente-de-transito-en-barahona-rd","status":"publish","type":"post","link":"https:\/\/2horizontes.com\/?p=26036","title":{"rendered":"Dos hombres mueren en accidente de tr\u00e1nsito en Barahona RD"},"content":{"rendered":"<div id=\"stcpDiv\">\n<p><strong>RD-Barahona.-<\/strong> Dos ciudadanos perdieron la vida tras ser impactada la\u00a0 motocicleta en que se desplazaban por un veh\u00edculo desconocido, en el tramo carretero que comunica al distrito municipal La Ci\u00e9naga con el\u00a0\u00a0poblado El\u00a0 Arroyo, en la zona costera de esta provincia.<\/p>\n<p>El hecho ocurri\u00f3 en la noche de ayer.<\/p>\n<p>De acuerdo al informe preliminar, los hoy occisos fueron identificados como \u00a0Mario D\u00edaz Guevara y Miguel \u00c1ngel Medina, de 49 y 21 a\u00f1os, respectivamente, quienes resid\u00edan en El Arroyo.<\/p>\n<p>Medina, seg\u00fan los informes, expir\u00f3 en el mismo lugar del accidente, en tanto que Guevara falleci\u00f3 en la emergencia del hospital Jaime Mota, mientras recib\u00eda atenciones.<\/p>\n<p>Sus cad\u00e1veres fueron depositados en la morgue del centro de salud regional.<\/p>\n<p>Oficiales de la Polic\u00eda Nacional y de la Autoridad Metropolitana de Transporte (Amet) investigan las circunstancias en que ocurri\u00f3 el caso, para \u00a0identificar al conductor del veh\u00edculo y su procedencia.<\/p>\n<\/div>\n","protected":false},"excerpt":{"rendered":"<p>RD-Barahona.- Dos ciudadanos perdieron la vida tras ser impactada la\u00a0 motocicleta en que se desplazaban por un veh\u00edculo desconocido, en el tramo carretero que comunica al distrito municipal La Ci\u00e9naga con el\u00a0\u00a0poblado El\u00a0 Arroyo, en la zona costera de esta provincia. El hecho ocurri\u00f3 en la noche de ayer. De acuerdo al informe preliminar, los [&hellip;]<\/p>\n","protected":false},"author":8,"featured_media":26037,"comment_status":"open","ping_status":"open","sticky":false,"template":"","format":"standard","meta":{"footnotes":""},"categories":[53,44],"tags":[],"class_list":["post-26036","post","type-post","status-publish","format-standard","has-post-thumbnail","hentry","category-provincias","category-republica-dominicana"],"_links":{"self":[{"href":"https:\/\/2horizontes.com\/index.php?rest_route=\/wp\/v2\/posts\/26036","targetHints":{"allow":["GET"]}}],"collection":[{"href":"https:\/\/2horizontes.com\/index.php?rest_route=\/wp\/v2\/posts"}],"about":[{"href":"https:\/\/2horizontes.com\/index.php?rest_route=\/wp\/v2\/types\/post"}],"author":[{"embeddable":true,"href":"https:\/\/2horizontes.com\/index.php?rest_route=\/wp\/v2\/users\/8"}],"replies":[{"embeddable":true,"href":"https:\/\/2horizontes.com\/index.php?rest_route=%2Fwp%2Fv2%2Fcomments&post=26036"}],"version-history":[{"count":1,"href":"https:\/\/2horizontes.com\/index.php?rest_route=\/wp\/v2\/posts\/26036\/revisions"}],"predecessor-version":[{"id":26038,"href":"https:\/\/2horizontes.com\/index.php?rest_route=\/wp\/v2\/posts\/26036\/revisions\/26038"}],"wp:featuredmedia":[{"embeddable":true,"href":"https:\/\/2horizontes.com\/index.php?rest_route=\/wp\/v2\/media\/26037"}],"wp:attachment":[{"href":"https:\/\/2horizontes.com\/index.php?rest_route=%2Fwp%2Fv2%2Fmedia&parent=26036"}],"wp:term":[{"taxonomy":"category","embeddable":true,"href":"https:\/\/2horizontes.com\/index.php?rest_route=%2Fwp%2Fv2%2Fcategories&post=26036"},{"taxonomy":"post_tag","embeddable":true,"href":"https:\/\/2horizontes.com\/index.php?rest_route=%2Fwp%2Fv2%2Ftags&post=26036"}],"curies":[{"name":"wp","href":"https:\/\/api.w.org\/{rel}","templated":true}]}}