{"id":26018,"date":"2015-09-28T15:05:14","date_gmt":"2015-09-28T14:05:14","guid":{"rendered":"http:\/\/2horizontes.com\/?p=26018"},"modified":"2015-09-28T15:05:14","modified_gmt":"2015-09-28T14:05:14","slug":"aumenta-a-66-el-numero-de-muertos-por-dengue-en-rd","status":"publish","type":"post","link":"https:\/\/2horizontes.com\/?p=26018","title":{"rendered":"Aumenta a 66 el n\u00famero de muertos por dengue en RD"},"content":{"rendered":"<div id=\"ArticleBody\">\n<p>RD- SANTO DOMINGO-Los fallecimientos a causa del dengue aumentaron a 66, siete de ellos ocurridos la semana pasada, \u00a024 defunciones m\u00e1s que el a\u00f1o pasado durante el mismo per\u00edodo.<\/p>\n<p>De acuerdo al \u00faltimo bolet\u00edn epidemiol\u00f3gico, se notificaron 380 casos probables de dengue, para un acumulado de 1,499 en las \u00faltimas cuatro semanas.<\/p>\n<p>Estos casos fueron notificados en sectores del Distrito Nacional y las provincias Santo Domingo, S\u00e1nchez Ram\u00edrez, Santiago, La Vega, San Crist\u00f3bal, Duarte, Monse\u00f1or Nouel, La Altagracia, y Hermanas Mirabal.<\/p>\n<p>En comparaci\u00f3n al 2014, cuando se registraron 4,505 casos de esta enfermedad, este a\u00f1o se ha incrementado a 5,710, o sea, 1,205 m\u00e1s.<\/p>\n<p>Las muertes por dengue ocurridas la semana pasada, para una letalidad acumulada de 1.1 por ciento, correspondieron a las provincias Santo Domingo, S\u00e1nchez Ram\u00edrez, La Vega, Puerto Plata, Hermanas Mirabal y el Distrito Nacional.<\/p>\n<p>Ayer el hospital pedi\u00e1trico doctor Hugo Mendoza ten\u00eda ingresados a 17 ni\u00f1os con s\u00edntomas del virus, cuatro de ellos en la unidad de cuidados intensivos.<\/p>\n<p>La informaci\u00f3n fue ofrecida por \u00a0la directora del centro de salud, Noldis Naut Suberv\u00ed, quien dijo que el domingo el hospital ten\u00eda ingresados a 24 ni\u00f1os.<\/p>\n<p><strong>Malaria y c\u00f3lera<\/strong><\/p>\n<p>En cuanto a los casos de malaria, el bolet\u00edn epidemiol\u00f3gico indica que en esta semana se confirmaron siete casos, todos aut\u00f3ctonos, en El Seibo y el Distrito Nacional.<\/p>\n<p>La incidencia acumulada de la malaria durante este a\u00f1o presenta un aumento de 106% con relaci\u00f3n a igual per\u00edodo del 2014.<\/p>\n<p>Asimismo, la semana pasada se notificaron dos casos sospechosos de c\u00f3lera, en residentes del barrio Pueblo Nuevo de la provincia Santiago y de la secci\u00f3n Los Arroces de Monse\u00f1or Nouel.<\/p>\n<p>Indica que hasta la semana n\u00famero 36 se han reportado 416 casos sospechosos de c\u00f3lera a escala nacional, incluyendo 13 fallecimientos.<\/p>\n<p>Estos se notificaron en el Distrito Nacional y las provincias Santo Domingo, Santiago, Monse\u00f1or Nouel, La Vega, San Pedro de Macor\u00eds y San Crist\u00f3bal.<\/p>\n<p><strong>Contin\u00faan jornadas<\/strong><\/p>\n<p>El Movimiento Nueva Visi\u00f3n y la Confederaci\u00f3n Comunitaria por La Paz realizaron una jornada de fumigaci\u00f3n y eliminaci\u00f3n de criaderos de mosquitos, en el barrio Lengua Azul, de Villa Duarte.<\/p>\n<p>En la jornada se removieron escombros, chatarras y desechos s\u00f3lidos, as\u00ed como limpieza de ca\u00f1adas.<\/p>\n<\/div>\n","protected":false},"excerpt":{"rendered":"<p>RD- SANTO DOMINGO-Los fallecimientos a causa del dengue aumentaron a 66, siete de ellos ocurridos la semana pasada, \u00a024 defunciones m\u00e1s que el a\u00f1o pasado durante el mismo per\u00edodo. De acuerdo al \u00faltimo bolet\u00edn epidemiol\u00f3gico, se notificaron 380 casos probables de dengue, para un acumulado de 1,499 en las \u00faltimas cuatro semanas. Estos casos fueron [&hellip;]<\/p>\n","protected":false},"author":8,"featured_media":26019,"comment_status":"open","ping_status":"open","sticky":false,"template":"","format":"standard","meta":{"footnotes":""},"categories":[53,44,45],"tags":[],"class_list":["post-26018","post","type-post","status-publish","format-standard","has-post-thumbnail","hentry","category-provincias","category-republica-dominicana","category-salud"],"_links":{"self":[{"href":"https:\/\/2horizontes.com\/index.php?rest_route=\/wp\/v2\/posts\/26018","targetHints":{"allow":["GET"]}}],"collection":[{"href":"https:\/\/2horizontes.com\/index.php?rest_route=\/wp\/v2\/posts"}],"about":[{"href":"https:\/\/2horizontes.com\/index.php?rest_route=\/wp\/v2\/types\/post"}],"author":[{"embeddable":true,"href":"https:\/\/2horizontes.com\/index.php?rest_route=\/wp\/v2\/users\/8"}],"replies":[{"embeddable":true,"href":"https:\/\/2horizontes.com\/index.php?rest_route=%2Fwp%2Fv2%2Fcomments&post=26018"}],"version-history":[{"count":1,"href":"https:\/\/2horizontes.com\/index.php?rest_route=\/wp\/v2\/posts\/26018\/revisions"}],"predecessor-version":[{"id":26020,"href":"https:\/\/2horizontes.com\/index.php?rest_route=\/wp\/v2\/posts\/26018\/revisions\/26020"}],"wp:featuredmedia":[{"embeddable":true,"href":"https:\/\/2horizontes.com\/index.php?rest_route=\/wp\/v2\/media\/26019"}],"wp:attachment":[{"href":"https:\/\/2horizontes.com\/index.php?rest_route=%2Fwp%2Fv2%2Fmedia&parent=26018"}],"wp:term":[{"taxonomy":"category","embeddable":true,"href":"https:\/\/2horizontes.com\/index.php?rest_route=%2Fwp%2Fv2%2Fcategories&post=26018"},{"taxonomy":"post_tag","embeddable":true,"href":"https:\/\/2horizontes.com\/index.php?rest_route=%2Fwp%2Fv2%2Ftags&post=26018"}],"curies":[{"name":"wp","href":"https:\/\/api.w.org\/{rel}","templated":true}]}}