{"id":25973,"date":"2015-09-28T13:30:02","date_gmt":"2015-09-28T12:30:02","guid":{"rendered":"http:\/\/2horizontes.com\/?p=25973"},"modified":"2015-09-28T13:30:57","modified_gmt":"2015-09-28T12:30:57","slug":"espana-cayo-de-local-en-cataluna","status":"publish","type":"post","link":"https:\/\/2horizontes.com\/?p=25973","title":{"rendered":"Espa\u00f1a cay\u00f3 de local en Catalu\u00f1a"},"content":{"rendered":"<p>En la jornada de reflexi\u00f3n antes de las elecciones auton\u00f3micas catalanas de hoy, que podr\u00edan terminar con Catalu\u00f1a separada de Espa\u00f1a en caso de la victoria de Junts Pel s\u00ed y la CUP, una selecci\u00f3n espa\u00f1ola jug\u00f3 una final y la perdi\u00f3 en tierras catalanas.<\/p>\n<p>Fue la masculina de hockey sobre patines, subcampeona del mundo sub\u201920 tras caer ante Portugal, su eterno rival, por 4-3 en los penaltis despu\u00e9s de que el marcador al final del tiempo reglamentario reflejara empate a uno.<\/p>\n<p>Alabart y Carballeira eran los \u00fanicos jugadores nacidos fuera de Catalu\u00f1a<\/p>\n<p>El deporte volvi\u00f3 a ganar a la pol\u00edtica porque en la grada del pabell\u00f3n de Vilanova i la Geltr\u00fa s\u00f3lo hab\u00eda banderas espa\u00f1olas.<\/p>\n<p>Mientras en muchos otros escenarios de la geograf\u00eda catalana se pita el himno -en el Camp Nou y el Palau se pide la independencia en el minuto 17- en Vilanova no pas\u00f3 y eso que el hockey es un deporte que tiene todo su vivero en Catalu\u00f1a.<\/p>\n<p>En la formaci\u00f3n de Guillem P\u00e9rez tan s\u00f3lo dos de sus integrantes, Ignacio Alabart y C\u00e9sar Carballeira, ambos gallegos, son nacidos en otra Comunidad. Carballeira es, adem\u00e1s, el capit\u00e1n. Cabe recordar que Catalu\u00f1a, de manera oficial, tuvo una representaci\u00f3n en el Mundial B de Macao.<\/p>\n<p>Incluso la megafon\u00eda present\u00f3 a los finalistas en castellano y no se escuch\u00f3 un solo abucheo. El himno s\u00f3lo son\u00f3 para el campe\u00f3n y \u00e9ste fue Portugal.<\/p>\n<p>Es la segunda vez consecutiva que el pa\u00eds vecino se impone a la selecci\u00f3n nacional. Ya pas\u00f3 en la anterior edici\u00f3n del Mundial celebrada en Cartagena (Colombia).<\/p>\n<p>Espa\u00f1a hab\u00eda subido a lo m\u00e1s alto del podio en Santiago de Chile 2007, Bassano 2009 y Barcelos 2011, siempre con Portugal de v\u00edctima.<\/p>\n<p>Al grito de \u00abEspa\u00f1a, Espa\u00f1a\u00bb, \u00aba por ellos\u00bb y \u00abEspa\u00f1a, Espa\u00f1a es cojonuda, como Espa\u00f1a no hay ninguna\u00bb, el catal\u00e1n Roger Asensi transform\u00f3 el primer gol del partido.<\/p>\n<p>Incluso los jugadores de India, presentes en la grada, coreaban el nombre del pa\u00eds anfitri\u00f3n y posterior subcampe\u00f3n. Todo lo que pas\u00f3 ayer en Vilanova i la Geltr\u00fa estuvo muy lejos de la pol\u00edtica y lo que se vota hoy en las urnas.<\/p>\n<p>La final se igual\u00f3 cuando Gonzalo Nunes empat\u00f3 a falta de tres minutos. El desenlace se traslad\u00f3 primero a la pr\u00f3rroga y posteriormente a los penaltis, con Portugal de vencedor. Espa\u00f1a perdi\u00f3 una final internacional en tierras catalanas. \u00bfPor \u00faltima vez?<\/p>\n","protected":false},"excerpt":{"rendered":"<p>En la jornada de reflexi\u00f3n antes de las elecciones auton\u00f3micas catalanas de hoy, que podr\u00edan terminar con Catalu\u00f1a separada de Espa\u00f1a en caso de la victoria de Junts Pel s\u00ed y la CUP, una selecci\u00f3n espa\u00f1ola jug\u00f3 una final y la perdi\u00f3 en tierras catalanas. Fue la masculina de hockey sobre patines, subcampeona del mundo [&hellip;]<\/p>\n","protected":false},"author":3,"featured_media":25977,"comment_status":"open","ping_status":"open","sticky":false,"template":"","format":"standard","meta":{"footnotes":""},"categories":[42],"tags":[],"class_list":["post-25973","post","type-post","status-publish","format-standard","has-post-thumbnail","hentry","category-deportes"],"_links":{"self":[{"href":"https:\/\/2horizontes.com\/index.php?rest_route=\/wp\/v2\/posts\/25973","targetHints":{"allow":["GET"]}}],"collection":[{"href":"https:\/\/2horizontes.com\/index.php?rest_route=\/wp\/v2\/posts"}],"about":[{"href":"https:\/\/2horizontes.com\/index.php?rest_route=\/wp\/v2\/types\/post"}],"author":[{"embeddable":true,"href":"https:\/\/2horizontes.com\/index.php?rest_route=\/wp\/v2\/users\/3"}],"replies":[{"embeddable":true,"href":"https:\/\/2horizontes.com\/index.php?rest_route=%2Fwp%2Fv2%2Fcomments&post=25973"}],"version-history":[{"count":2,"href":"https:\/\/2horizontes.com\/index.php?rest_route=\/wp\/v2\/posts\/25973\/revisions"}],"predecessor-version":[{"id":25981,"href":"https:\/\/2horizontes.com\/index.php?rest_route=\/wp\/v2\/posts\/25973\/revisions\/25981"}],"wp:featuredmedia":[{"embeddable":true,"href":"https:\/\/2horizontes.com\/index.php?rest_route=\/wp\/v2\/media\/25977"}],"wp:attachment":[{"href":"https:\/\/2horizontes.com\/index.php?rest_route=%2Fwp%2Fv2%2Fmedia&parent=25973"}],"wp:term":[{"taxonomy":"category","embeddable":true,"href":"https:\/\/2horizontes.com\/index.php?rest_route=%2Fwp%2Fv2%2Fcategories&post=25973"},{"taxonomy":"post_tag","embeddable":true,"href":"https:\/\/2horizontes.com\/index.php?rest_route=%2Fwp%2Fv2%2Ftags&post=25973"}],"curies":[{"name":"wp","href":"https:\/\/api.w.org\/{rel}","templated":true}]}}