{"id":25970,"date":"2015-09-28T13:27:36","date_gmt":"2015-09-28T12:27:36","guid":{"rendered":"http:\/\/2horizontes.com\/?p=25970"},"modified":"2015-09-28T13:27:36","modified_gmt":"2015-09-28T12:27:36","slug":"colombia-acusa-a-nicaragua-hacerse-la-victima-ante-tribunal-de-la-haya","status":"publish","type":"post","link":"https:\/\/2horizontes.com\/?p=25970","title":{"rendered":"Colombia acusa a Nicaragua \u201chacerse la v\u00edctima\u201d ante Tribunal de La Haya"},"content":{"rendered":"<p class=\"medium-size-text\">AFP<\/p>\n<p class=\"medium-size-text\">Colombia acus\u00f3 este lunes a Nicaragua de \u00abhacerse pasar como v\u00edctima\u00bb en sus diferendos mar\u00edtimos, y consider\u00f3 que la Corte Internacional de Justicia (CIJ) no es competente para fallar en dos demandas de Managua sobre fronteras en el Caribe.<\/p>\n<p class=\"medium-size-text\">Es chocante ver c\u00f3mo Nicaragua quiere hacerse pasar como v\u00edctima\u00bb dijo ante la CIJ de La Haya Carlos Gustavo Arrieta Padilla, exprocurador general de la Naci\u00f3n.<\/p>\n<p class=\"medium-size-text\">El pa\u00eds centroamericano \u00abfabrica un diferendo cuando no hay ninguno\u00bb y tiene tendencia a \u00abacudir demasiado\u00bb a la CIJ, \u00a0a\u00f1adi\u00f3 Arrieta, que se expresaba en ingl\u00e9s.<\/p>\n<p class=\"medium-size-text\">La audiencia, iniciada el lunes por la ma\u00f1ana con la presencia de delegaciones de los dos pa\u00edses ante este tribunal -principal \u00f3rgano judicial de la ONU-, est\u00e1 centrada en las objeciones de Colombia a la competencia de la CIJ.<\/p>\n<p class=\"medium-size-text\">\u00abNo vamos a entrar en asuntos de fondo\u00bb dijo Arrieta. La canciller colombiana, Mar\u00eda Angela Holgu\u00edn, asisti\u00f3 a la audiencia.<\/p>\n<p class=\"medium-size-text\">Colombia y Nicaragua mantienen una tensa relaci\u00f3n debido a conflictos lim\u00edtrofes desde hace casi un siglo. En 2012, tras un juicio de 11 a\u00f1os, la CIJ confirm\u00f3 la soberan\u00eda de Bogot\u00e1 sobre un grupo de islas del archipi\u00e9lago de San Andr\u00e9s y cayos adyacentes, pero otorg\u00f3 a Nicaragua una amplia zona en el mar Caribe, antes bajo dominio colombiano.<\/p>\n<p class=\"medium-size-text\">Ese fallo caus\u00f3 \u00abdecepci\u00f3n\u00bb en Colombia, admiti\u00f3 este lunes Arrieta, y \u00abconsternaci\u00f3n\u00bb entre los habitantes y pescadores \u00a0del archipi\u00e9lago, \u00abmuy presentes en ese mar\u00bb, a diferencia seg\u00fan \u00e9l de Nicaragua. \u00a0\u00a0Adem\u00e1s, el representante colombiano, pese a indicar que se eludir\u00edan asuntos de fondo, acus\u00f3 a Nicaragua de \u00abtolerar pr\u00e1cticas de pesca predatorias en torno al archipi\u00e9lago\u00bb.<\/p>\n<p class=\"medium-size-text\">Tras ese fallo, Colombia denunci\u00f3 con \u00abefecto inmediato\u00bb el llamado Pacto de Bogot\u00e1, mediante el cual aceptaba la jurisdicci\u00f3n de la CIJ y consider\u00f3 el dictamen inaplicable. Bogot\u00e1 considera que las v\u00edas para delimitar fronteras son los tratados lim\u00edtrofes.<\/p>\n<p class=\"medium-size-text\">Sin embargo, Nicaragua present\u00f3 ante la CIJ dos recursos contra Colombia en 2013, en uno reproch\u00e1ndole a Bogot\u00e1 \u00a0de \u00abincumplir\u00bb el fallo de la Corte de 2012 y de violaciones de su espacio mar\u00edtimo, y en el otro para definir la delimitaci\u00f3n de su plataforma continental en el Caribe.<\/p>\n<p class=\"medium-size-text\">Las consideraciones jur\u00eddicas sobre la supuesta no competencia de la CIJ para pronunciarse sobre estos litigios ocupaban el lunes por la ma\u00f1ana los alegatos de los representantes de Colombia. El martes le tocar\u00e1 defender su posici\u00f3n a la parte nicarag\u00fcense.<\/p>\n<p class=\"medium-size-text\">F. Semana. com<\/p>\n","protected":false},"excerpt":{"rendered":"<p>AFP Colombia acus\u00f3 este lunes a Nicaragua de \u00abhacerse pasar como v\u00edctima\u00bb en sus diferendos mar\u00edtimos, y consider\u00f3 que la Corte Internacional de Justicia (CIJ) no es competente para fallar en dos demandas de Managua sobre fronteras en el Caribe. Es chocante ver c\u00f3mo Nicaragua quiere hacerse pasar como v\u00edctima\u00bb dijo ante la CIJ de [&hellip;]<\/p>\n","protected":false},"author":7,"featured_media":25971,"comment_status":"open","ping_status":"open","sticky":false,"template":"","format":"standard","meta":{"footnotes":""},"categories":[50,40,43],"tags":[],"class_list":["post-25970","post","type-post","status-publish","format-standard","has-post-thumbnail","hentry","category-colombia","category-internacionales","category-politica"],"_links":{"self":[{"href":"https:\/\/2horizontes.com\/index.php?rest_route=\/wp\/v2\/posts\/25970","targetHints":{"allow":["GET"]}}],"collection":[{"href":"https:\/\/2horizontes.com\/index.php?rest_route=\/wp\/v2\/posts"}],"about":[{"href":"https:\/\/2horizontes.com\/index.php?rest_route=\/wp\/v2\/types\/post"}],"author":[{"embeddable":true,"href":"https:\/\/2horizontes.com\/index.php?rest_route=\/wp\/v2\/users\/7"}],"replies":[{"embeddable":true,"href":"https:\/\/2horizontes.com\/index.php?rest_route=%2Fwp%2Fv2%2Fcomments&post=25970"}],"version-history":[{"count":1,"href":"https:\/\/2horizontes.com\/index.php?rest_route=\/wp\/v2\/posts\/25970\/revisions"}],"predecessor-version":[{"id":25975,"href":"https:\/\/2horizontes.com\/index.php?rest_route=\/wp\/v2\/posts\/25970\/revisions\/25975"}],"wp:featuredmedia":[{"embeddable":true,"href":"https:\/\/2horizontes.com\/index.php?rest_route=\/wp\/v2\/media\/25971"}],"wp:attachment":[{"href":"https:\/\/2horizontes.com\/index.php?rest_route=%2Fwp%2Fv2%2Fmedia&parent=25970"}],"wp:term":[{"taxonomy":"category","embeddable":true,"href":"https:\/\/2horizontes.com\/index.php?rest_route=%2Fwp%2Fv2%2Fcategories&post=25970"},{"taxonomy":"post_tag","embeddable":true,"href":"https:\/\/2horizontes.com\/index.php?rest_route=%2Fwp%2Fv2%2Ftags&post=25970"}],"curies":[{"name":"wp","href":"https:\/\/api.w.org\/{rel}","templated":true}]}}