{"id":25963,"date":"2015-09-28T13:14:32","date_gmt":"2015-09-28T12:14:32","guid":{"rendered":"http:\/\/2horizontes.com\/?p=25963"},"modified":"2015-09-28T13:14:32","modified_gmt":"2015-09-28T12:14:32","slug":"brasil-fija-metas-de-reduccion-de-gases-previo-a-conferencia-de-paris","status":"publish","type":"post","link":"https:\/\/2horizontes.com\/?p=25963","title":{"rendered":"Brasil fija metas de reducci\u00f3n de gases previo a Conferencia de Par\u00eds"},"content":{"rendered":"<div id=\"ArticleAuthorDiv\" class=\"article-body-author\"><b>AFP<\/b><\/div>\n<div id=\"ArticleSourceDiv\" class=\"article-body-author\"><\/div>\n<div id=\"ArticleBody\">\n<p>Brasil reducir\u00e1 la contaminaci\u00f3n de gases de efecto invernadero en 37% para 2025 y en 43% para 2030, dijo la presidenta Dilma Rousseff al anunciar este domingo las propuestas de su pa\u00eds para la Conferencia de Par\u00eds (COP 21) sobre el clima.<\/p>\n<p>\u00abQuiero anunciar que ser\u00e1 de 37%, de aqu\u00ed a 2025, la contribuci\u00f3n de Brasil para reducir las emisiones de gases de efecto invernadero\u00bb, dijo Rousseff durante la Cumbre de Desarrollo Sostenible que tiene lugar en la sede de la ONU en Nueva York.<\/p>\n<p>\u00abPara 2030 nuestra ambici\u00f3n es llegar a una reducci\u00f3n del 43%\u00bb, a\u00f1adi\u00f3 la mandataria. El a\u00f1o base para ambas proyecciones es 2005.<\/p>\n<p>Brasil llevar\u00e1 estas propuestas a la gran conferencia internacional sobre cambio clim\u00e1tico (COP21), que reunir\u00e1 a 195 pa\u00edses entre el 30 de noviembre y el 11 de diciembre en Par\u00eds con el objetivo de alcanzar un acuerdo para limitar a un m\u00e1ximo de 2 grados el calentamiento del planeta en relaci\u00f3n a la temperatura de la era preindustrial.<\/p>\n<p>Esa cumbre, que sigue a la celebrada en Lima en 2014, ser\u00e1 una \u00aboportunidad \u00fanica\u00bb para elaborar una \u00abrespuesta com\u00fan\u00bb a los desaf\u00edos clim\u00e1ticos, afirm\u00f3 Rousseff.<\/p>\n<p>Seg\u00fan la mandataria, Brasil tambi\u00e9n se comprometer\u00e1 a la recuperaci\u00f3n de pastos degradados y la integraci\u00f3n de cinco millones de hect\u00e1reas para ganader\u00eda y bosques.<\/p>\n<p>\u00abSeguimos diversificando las fuentes renovables de nuestra mezcla energ\u00e9tica, una de las m\u00e1s limpias del mundo\u00bb, afirm\u00f3.<\/p>\n<p><strong>&#8211; \u00abComunes pero diferenciadas\u00bb &#8211;<\/strong><\/p>\n<p>En la Cumbre de Desarrollo Sostenible, que culmina este domingo, Rousseff expres\u00f3 el compromiso de su pa\u00eds con la agenda post-2015 de desarrollo acordada el viernes para acabar con la pobreza en los pr\u00f3ximos 15 a\u00f1os.<\/p>\n<p>\u00abEsta agenda innovadora exige la solidaridad mundial, la determinaci\u00f3n de cada uno de nosotros y el compromiso de hacer frente al cambio clim\u00e1tico, superando la pobreza y construyendo oportunidades para todos\u00bb, dijo la mandataria, que volver\u00e1 a pronunciar un discurso ante la Asamblea General de la ONU el lunes.<\/p>\n<p>En referencia al combate frente al cambio clim\u00e1tico, Rousseff pidi\u00f3 que las obligaciones de los pa\u00edses \u00abdeben ser ambiciosas\u00bb y acordes con el \u00abprincipio de responsabilidades comunes pero diferenciadas\u00bb, un gesto hacia los pa\u00edses industrializados para que realicen un esfuerzo proporcionalmente mayor que los m\u00e1s pobres.<\/p>\n<p>La nueva agenda es mucho m\u00e1s ambiciosa que los Objetivos de Desarrollo del Milenio (2000-2015): contempla la participaci\u00f3n de los pa\u00edses industrializados y, adem\u00e1s de la pobreza y la salud, abordar\u00e1 asuntos como el buen gobierno, la igualdad de g\u00e9nero y la lucha contra la corrupci\u00f3n.<\/p>\n<p>Expertos calculan que se necesitar\u00e1n entre 3,5 y 5 billones de d\u00f3lares anuales durante 15 a\u00f1os para financiar la ambiciosa iniciativa.<\/p>\n<p><strong>&#8211; Reuni\u00f3n con Hollande, Humala y Ban &#8211;<\/strong><\/p>\n<p>Brasil ya hizo p\u00fablico este a\u00f1o su compromiso para restaurar 12 millones de hect\u00e1reas de bosques y eliminar la tala ilegal en la Amazonia para 2030.<\/p>\n<p>La mayor econom\u00eda de Am\u00e9rica Latina recort\u00f3 sus emisiones de di\u00f3xido de carbono, las que se han mantenido relativamente estables en los \u00faltimos a\u00f1os, por lo que se estima que alcanzar\u00e1 la meta que se fij\u00f3 para 2020 por debajo de los 2.000 millones de toneladas, seg\u00fan estudios recientes.<\/p>\n<p>En Nueva York, Rousseff tendr\u00e1 un almuerzo de trabajo para discutir el cambio clim\u00e1tico con el presidente de Francia y anfitri\u00f3n de la cumbre sobre el clima, Fran\u00e7ois Hollande; con el presidente de Per\u00fa, Ollanta Humala; y el secretario general de la ONU, Ban Ki-moon.<\/p>\n<p>Tambi\u00e9n participar\u00e1 en un encuentro sobre igualdad de g\u00e9nero, y recibir\u00e1 al multimillonario de Microsoft, Bill Gates y su esposa Melinda. La fundaci\u00f3n de Bill y Melinda Gates present\u00f3 el viernes en Nueva York una demanda contra la brasilera Petrobras por p\u00e9rdidas de inversiones a causa del esc\u00e1ndalo de corrupci\u00f3n del gigante petrol\u00edfero que ha ensombrecido la presidencia de Rousseff.<\/p>\n<\/div>\n","protected":false},"excerpt":{"rendered":"<p>AFP Brasil reducir\u00e1 la contaminaci\u00f3n de gases de efecto invernadero en 37% para 2025 y en 43% para 2030, dijo la presidenta Dilma Rousseff al anunciar este domingo las propuestas de su pa\u00eds para la Conferencia de Par\u00eds (COP 21) sobre el clima. \u00abQuiero anunciar que ser\u00e1 de 37%, de aqu\u00ed a 2025, la contribuci\u00f3n [&hellip;]<\/p>\n","protected":false},"author":7,"featured_media":25968,"comment_status":"open","ping_status":"open","sticky":false,"template":"","format":"standard","meta":{"footnotes":""},"categories":[40,43],"tags":[],"class_list":["post-25963","post","type-post","status-publish","format-standard","has-post-thumbnail","hentry","category-internacionales","category-politica"],"_links":{"self":[{"href":"https:\/\/2horizontes.com\/index.php?rest_route=\/wp\/v2\/posts\/25963","targetHints":{"allow":["GET"]}}],"collection":[{"href":"https:\/\/2horizontes.com\/index.php?rest_route=\/wp\/v2\/posts"}],"about":[{"href":"https:\/\/2horizontes.com\/index.php?rest_route=\/wp\/v2\/types\/post"}],"author":[{"embeddable":true,"href":"https:\/\/2horizontes.com\/index.php?rest_route=\/wp\/v2\/users\/7"}],"replies":[{"embeddable":true,"href":"https:\/\/2horizontes.com\/index.php?rest_route=%2Fwp%2Fv2%2Fcomments&post=25963"}],"version-history":[{"count":1,"href":"https:\/\/2horizontes.com\/index.php?rest_route=\/wp\/v2\/posts\/25963\/revisions"}],"predecessor-version":[{"id":25969,"href":"https:\/\/2horizontes.com\/index.php?rest_route=\/wp\/v2\/posts\/25963\/revisions\/25969"}],"wp:featuredmedia":[{"embeddable":true,"href":"https:\/\/2horizontes.com\/index.php?rest_route=\/wp\/v2\/media\/25968"}],"wp:attachment":[{"href":"https:\/\/2horizontes.com\/index.php?rest_route=%2Fwp%2Fv2%2Fmedia&parent=25963"}],"wp:term":[{"taxonomy":"category","embeddable":true,"href":"https:\/\/2horizontes.com\/index.php?rest_route=%2Fwp%2Fv2%2Fcategories&post=25963"},{"taxonomy":"post_tag","embeddable":true,"href":"https:\/\/2horizontes.com\/index.php?rest_route=%2Fwp%2Fv2%2Ftags&post=25963"}],"curies":[{"name":"wp","href":"https:\/\/api.w.org\/{rel}","templated":true}]}}