{"id":25940,"date":"2015-09-28T12:33:52","date_gmt":"2015-09-28T11:33:52","guid":{"rendered":"http:\/\/2horizontes.com\/?p=25940"},"modified":"2015-09-28T12:33:52","modified_gmt":"2015-09-28T11:33:52","slug":"coalicion-secesionista-gana-sin-mayoria-las-elecciones-regionales-en-cataluna","status":"publish","type":"post","link":"https:\/\/2horizontes.com\/?p=25940","title":{"rendered":"Coalici\u00f3n secesionista gana sin mayor\u00eda las elecciones regionales en Catalu\u00f1a"},"content":{"rendered":"<div id=\"ArticleAuthorDiv\" class=\"article-body-author\"><b>EFE |\u00a0<\/b><\/div>\n<div id=\"ArticleSourceDiv\" class=\"article-body-author\"><b>Barcelona (Espa\u00f1a)<\/b><\/div>\n<div id=\"ArticleBody\">\n<p>La coalici\u00f3n nacionalista Junts pel Si, partidaria de la secesi\u00f3n respecto a Espa\u00f1a, gan\u00f3 el domingo las elecciones regionales en Catalu\u00f1a con 62 esca\u00f1os, a seis de la mayor\u00eda absoluta del Parlamento regional, fijada en 68 esca\u00f1os.<\/p>\n<p>Despu\u00e9s de escrutado el 97,14 %, Junts pel Si (Juntos por el Si) logr\u00f3 una victoria insuficiente para formar gobierno en solitario.<\/p>\n<p>Por ello, para alcanzar una mayor\u00eda absoluta en la C\u00e1mara regional tendr\u00eda que contar con el apoyo de la otra fuerza que se presentaba a estos comicios con un programa independentista, CUP (izquierda radical), que tuvo 10 esca\u00f1os.<\/p>\n<p>Las dos formaciones tendr\u00e1n 72 diputados y suman poco m\u00e1s del 47 por ciento de los votos, por debajo de la mitad de los votantes, que hoy acudieron masivamente a las urnas, porque la participaci\u00f3n fue del 77 por ciento.<\/p>\n<p>Junts pel Si y CUP propugnan la independencia de Catalu\u00f1a, una opci\u00f3n que el Gobierno espa\u00f1ol (PP, centroderecha) rechaza por inconstitucional con el respaldo del primer partido de la oposici\u00f3n en el pa\u00eds, el socialista.<\/p>\n<p>Por debajo de la coalici\u00f3n ganadora se situaron varios partidos que rechazan la hip\u00f3tesis independentista, como Ciudadanos (centro, 25 esca\u00f1os), PSC (socialistas, 16), PP (centroderecha, 11) y Catalunya s\u00ed que es pot (izquierda, 11).<\/p>\n<p>Junts pel Si es una coalici\u00f3n integrada por pol\u00edticos de distinto signo, tanto de la izquierda republicana como del centroderecha, como es el caso del presidente del Ejecutivo regional, Artur Mas, que aspira a la reelecci\u00f3n y que en el pasado se caracteriz\u00f3 por ser nacionalista moderado.<\/p>\n<p>Mas, cuyos resultados han ido a la baja en los diferentes comicios de los \u00faltimos a\u00f1os, impuls\u00f3 esta nueva candidatura tras arduas negociaciones con otras fuerzas y con el objetivo de configurar una lista que emprendiera la v\u00eda de la secesi\u00f3n respecto a Espa\u00f1a.<\/p>\n<p>Unos 5,5 millones de catalanes estaban convocados hoy a las urnas para unos comicios destinados a renovar el Parlamento regional y elegir al nuevo gobierno, aunque los nacionalistas han querido dar a esta cita un car\u00e1cter plebiscitario en favor de sus tesis secesionistas.<\/p>\n<p>Mas y sus aliados comparecieron ante sus simpatizantes en Barcelona y quisieron dar al resultado una lectura positiva al afirmar que en los comicios \u00abha ganado (su proyecto)\u00bb y se ha dado una \u00abgran legitimidad\u00bb a la coalici\u00f3n para seguir con el programa independentista.<\/p>\n<p>Por el contrario, fuentes del Ejecutivo espa\u00f1ol dijeron a Efe que el Gobierno considera que los resultados de las elecciones catalanas demuestran que Artur Mas ha fracasado en su estrategia secesionista, porque no ha logrado ni en votos ni en esca\u00f1os el suficiente apoyo de la sociedad catalana para su proyecto.<\/p>\n<p>Por su parte, el l\u00edder socialista, Pedro S\u00e1nchez, afirm\u00f3 que los partidarios de la independencia en Catalu\u00f1a \u00abhan perdido el plebiscito. Hay una mayor\u00eda de catalanes que no quiere la independencia, pero que s\u00ed quiere abrir un tiempo de convivencia, di\u00e1logo y de reforma en el conjunto\u00bb de Espa\u00f1a.<\/p>\n<p>En las pr\u00f3ximas semanas se llevar\u00e1 a cabo la constituci\u00f3n del Parlamento regional y la formaci\u00f3n del nuevo Gobierno, todo ello mientras en Espa\u00f1a se aproximan las elecciones legislativas, previstas para diciembre y en la que es probable que el debate catal\u00e1n siga presente.<\/p>\n<p>El propio Mas no tiene garantizada la reelecci\u00f3n al frente del Ejecutivo regional catal\u00e1n, ya que la CUP est\u00e1 en condiciones de apoyar a Junts pel Si, pero no al propio Mas como presidente, por considerar que ha hecho una pol\u00edtica conservadora y de recortes sociales.<\/p>\n<\/div>\n","protected":false},"excerpt":{"rendered":"<p>EFE |\u00a0 Barcelona (Espa\u00f1a) La coalici\u00f3n nacionalista Junts pel Si, partidaria de la secesi\u00f3n respecto a Espa\u00f1a, gan\u00f3 el domingo las elecciones regionales en Catalu\u00f1a con 62 esca\u00f1os, a seis de la mayor\u00eda absoluta del Parlamento regional, fijada en 68 esca\u00f1os. Despu\u00e9s de escrutado el 97,14 %, Junts pel Si (Juntos por el Si) logr\u00f3 [&hellip;]<\/p>\n","protected":false},"author":7,"featured_media":25941,"comment_status":"open","ping_status":"open","sticky":false,"template":"","format":"standard","meta":{"footnotes":""},"categories":[85,40,43],"tags":[],"class_list":["post-25940","post","type-post","status-publish","format-standard","has-post-thumbnail","hentry","category-espana","category-internacionales","category-politica"],"_links":{"self":[{"href":"https:\/\/2horizontes.com\/index.php?rest_route=\/wp\/v2\/posts\/25940","targetHints":{"allow":["GET"]}}],"collection":[{"href":"https:\/\/2horizontes.com\/index.php?rest_route=\/wp\/v2\/posts"}],"about":[{"href":"https:\/\/2horizontes.com\/index.php?rest_route=\/wp\/v2\/types\/post"}],"author":[{"embeddable":true,"href":"https:\/\/2horizontes.com\/index.php?rest_route=\/wp\/v2\/users\/7"}],"replies":[{"embeddable":true,"href":"https:\/\/2horizontes.com\/index.php?rest_route=%2Fwp%2Fv2%2Fcomments&post=25940"}],"version-history":[{"count":1,"href":"https:\/\/2horizontes.com\/index.php?rest_route=\/wp\/v2\/posts\/25940\/revisions"}],"predecessor-version":[{"id":25942,"href":"https:\/\/2horizontes.com\/index.php?rest_route=\/wp\/v2\/posts\/25940\/revisions\/25942"}],"wp:featuredmedia":[{"embeddable":true,"href":"https:\/\/2horizontes.com\/index.php?rest_route=\/wp\/v2\/media\/25941"}],"wp:attachment":[{"href":"https:\/\/2horizontes.com\/index.php?rest_route=%2Fwp%2Fv2%2Fmedia&parent=25940"}],"wp:term":[{"taxonomy":"category","embeddable":true,"href":"https:\/\/2horizontes.com\/index.php?rest_route=%2Fwp%2Fv2%2Fcategories&post=25940"},{"taxonomy":"post_tag","embeddable":true,"href":"https:\/\/2horizontes.com\/index.php?rest_route=%2Fwp%2Fv2%2Ftags&post=25940"}],"curies":[{"name":"wp","href":"https:\/\/api.w.org\/{rel}","templated":true}]}}