{"id":25934,"date":"2015-09-28T11:40:38","date_gmt":"2015-09-28T10:40:38","guid":{"rendered":"http:\/\/2horizontes.com\/?p=25934"},"modified":"2015-09-28T11:40:38","modified_gmt":"2015-09-28T10:40:38","slug":"decenas-de-personas-se-reunen-en-sol-para-defender-la-unidad-nacional","status":"publish","type":"post","link":"https:\/\/2horizontes.com\/?p=25934","title":{"rendered":"Decenas de personas se re\u00fanen en Sol para defender la unidad nacional"},"content":{"rendered":"<p>A gritos de \u00abNo nos enga\u00f1an, Catalu\u00f1a es Espa\u00f1a\u00bb varias decenas de personas se han congregado este domingo en la Puerta del Sol para reclamar la \u00abunidad nacional\u00bb.<\/p>\n<p>La reuni\u00f3n ha comenzado a las 12 de la tarde nada m\u00e1s cerrar los colegios electorales catalanes y se ha disuelto hora y media despu\u00e9s sin enfrentamientos.<\/p>\n<p>A la espera de conocer los resultados de las elecciones auton\u00f3micas en Catalu\u00f1a, los asistentes pretend\u00edan demostrar su \u00abapoyo a los catalanes que se sienten espa\u00f1oles\u00bb.<\/p>\n<p>Durante la concentraci\u00f3n se ha desplegado una bandera de Espa\u00f1a de 300 metros cuadrados, que seg\u00fan ha informado un miembro de la Falange Espa\u00f1ola de las JONS pertenec\u00eda a su organizaci\u00f3n.<\/p>\n<p>Los asistentes han coincidido en explicar que se trataba de una \u00abconcentraci\u00f3n espont\u00e1nea\u00bb que se hab\u00eda forjado a trav\u00e9s de las redes sociales, especialmente por los mensajes de WhatsApp.<\/p>\n<p>Estamos aqu\u00ed para defender la unidad nacional de Espa\u00f1a, porque queremos a nuestra bandera, a nuestro pa\u00eds y no queremos que se rompa\u00bb, ha explicado Javier L\u00f3pez, un joven que se ha enterado de la reuni\u00f3n por el \u00abboca a boca\u00bb.<\/p>\n<p>La mayor\u00eda de los congregados portaba su propia bandera de Espa\u00f1a y uno de los asistentes llevaba incluso una con el \u00e1guila imperial del escudo franquista.<\/p>\n<p>Han estado presentes varias personas del movimiento \u00abVolvemos\u00bb, que portaban camisetas con la cara del dictador Francisco Franco y estaban ah\u00ed para defender una vuelta \u00aba la Espa\u00f1a que nos han robado los mismos que ahora quieren separarse\u00bb.<\/p>\n","protected":false},"excerpt":{"rendered":"<p>A gritos de \u00abNo nos enga\u00f1an, Catalu\u00f1a es Espa\u00f1a\u00bb varias decenas de personas se han congregado este domingo en la Puerta del Sol para reclamar la \u00abunidad nacional\u00bb. La reuni\u00f3n ha comenzado a las 12 de la tarde nada m\u00e1s cerrar los colegios electorales catalanes y se ha disuelto hora y media despu\u00e9s sin enfrentamientos. [&hellip;]<\/p>\n","protected":false},"author":3,"featured_media":25935,"comment_status":"open","ping_status":"open","sticky":false,"template":"","format":"standard","meta":{"footnotes":""},"categories":[85],"tags":[],"class_list":["post-25934","post","type-post","status-publish","format-standard","has-post-thumbnail","hentry","category-espana"],"_links":{"self":[{"href":"https:\/\/2horizontes.com\/index.php?rest_route=\/wp\/v2\/posts\/25934","targetHints":{"allow":["GET"]}}],"collection":[{"href":"https:\/\/2horizontes.com\/index.php?rest_route=\/wp\/v2\/posts"}],"about":[{"href":"https:\/\/2horizontes.com\/index.php?rest_route=\/wp\/v2\/types\/post"}],"author":[{"embeddable":true,"href":"https:\/\/2horizontes.com\/index.php?rest_route=\/wp\/v2\/users\/3"}],"replies":[{"embeddable":true,"href":"https:\/\/2horizontes.com\/index.php?rest_route=%2Fwp%2Fv2%2Fcomments&post=25934"}],"version-history":[{"count":1,"href":"https:\/\/2horizontes.com\/index.php?rest_route=\/wp\/v2\/posts\/25934\/revisions"}],"predecessor-version":[{"id":25936,"href":"https:\/\/2horizontes.com\/index.php?rest_route=\/wp\/v2\/posts\/25934\/revisions\/25936"}],"wp:featuredmedia":[{"embeddable":true,"href":"https:\/\/2horizontes.com\/index.php?rest_route=\/wp\/v2\/media\/25935"}],"wp:attachment":[{"href":"https:\/\/2horizontes.com\/index.php?rest_route=%2Fwp%2Fv2%2Fmedia&parent=25934"}],"wp:term":[{"taxonomy":"category","embeddable":true,"href":"https:\/\/2horizontes.com\/index.php?rest_route=%2Fwp%2Fv2%2Fcategories&post=25934"},{"taxonomy":"post_tag","embeddable":true,"href":"https:\/\/2horizontes.com\/index.php?rest_route=%2Fwp%2Fv2%2Ftags&post=25934"}],"curies":[{"name":"wp","href":"https:\/\/api.w.org\/{rel}","templated":true}]}}