{"id":25880,"date":"2015-09-26T10:52:57","date_gmt":"2015-09-26T09:52:57","guid":{"rendered":"http:\/\/2horizontes.com\/?p=25880"},"modified":"2015-09-26T10:52:57","modified_gmt":"2015-09-26T09:52:57","slug":"shakira-y-angelique-kidjo-cantaron-ante-130-jefes-de-estado-en-la-onu","status":"publish","type":"post","link":"https:\/\/2horizontes.com\/?p=25880","title":{"rendered":"Shakira y Angelique Kidjo cantaron ante 130 jefes de Estado en la ONU"},"content":{"rendered":"<div id=\"ArticleAuthorDiv\" class=\"article-body-author\"><b>AP<\/b><\/div>\n<div id=\"ArticleSourceDiv\" class=\"article-body-author\"><b>Naciones Unidas<\/b><\/div>\n<div id=\"ArticleBody\">\n<p>Shakira cant\u00f3 ayer ante 130 jefes de Estado para celebrar la adopci\u00f3n de las Nuevas Metas para un Desarrollo Sustentable en las Naciones Unidas.<\/p>\n<p>La artista colombiana enton\u00f3 \u00abImagine\u00bb de John Lennon poco despu\u00e9s de que el papa Francisco termin\u00f3 su discurso ante la Asamblea General.<\/p>\n<p>Tambi\u00e9n cant\u00f3 Angelique Kidjo, originaria de Ben\u00edn, que interpret\u00f3 \u00abAfrika\u00bb.<\/p>\n<p>Ambas son embajadoras de buena voluntad del Fondo de las Naciones Unidas para la Infancia (Unicef) desde hace m\u00e1s de una d\u00e9cada.<\/p>\n<p>\u00abVivimos en un mundo en el que muchos nacen pobres y mueren pobres\u00bb, expres\u00f3 Shakira antes de cantar. \u00abDepende de nosotros que seamos la primera sociedad que erradica la pobreza y ofrece justicia e igualdad a la gente m\u00e1s postergada del mundo. Nuestros hijos tienen derecho a igualdad de oportunidades, a progresar, a ser felices y saludables\u00bb.<\/p>\n<p>Acto seguido, la adolescente paquistan\u00ed Malala Yousafzai, activista por los derechos de la mujer laureada con el Premio Nobel de la Paz, ley\u00f3 un mensaje de esperanza para los ni\u00f1os.<\/p>\n<p>Las Metas para un Desarrollo Sustentable son un plan de acci\u00f3n destinada a combatir el hambre y la pobreza y a proteger el planeta.<\/p>\n<\/div>\n","protected":false},"excerpt":{"rendered":"<p>AP Naciones Unidas Shakira cant\u00f3 ayer ante 130 jefes de Estado para celebrar la adopci\u00f3n de las Nuevas Metas para un Desarrollo Sustentable en las Naciones Unidas. La artista colombiana enton\u00f3 \u00abImagine\u00bb de John Lennon poco despu\u00e9s de que el papa Francisco termin\u00f3 su discurso ante la Asamblea General. Tambi\u00e9n cant\u00f3 Angelique Kidjo, originaria de [&hellip;]<\/p>\n","protected":false},"author":7,"featured_media":25881,"comment_status":"open","ping_status":"open","sticky":false,"template":"","format":"standard","meta":{"footnotes":""},"categories":[1,40],"tags":[],"class_list":["post-25880","post","type-post","status-publish","format-standard","has-post-thumbnail","hentry","category-entretenimiento","category-internacionales"],"_links":{"self":[{"href":"https:\/\/2horizontes.com\/index.php?rest_route=\/wp\/v2\/posts\/25880","targetHints":{"allow":["GET"]}}],"collection":[{"href":"https:\/\/2horizontes.com\/index.php?rest_route=\/wp\/v2\/posts"}],"about":[{"href":"https:\/\/2horizontes.com\/index.php?rest_route=\/wp\/v2\/types\/post"}],"author":[{"embeddable":true,"href":"https:\/\/2horizontes.com\/index.php?rest_route=\/wp\/v2\/users\/7"}],"replies":[{"embeddable":true,"href":"https:\/\/2horizontes.com\/index.php?rest_route=%2Fwp%2Fv2%2Fcomments&post=25880"}],"version-history":[{"count":1,"href":"https:\/\/2horizontes.com\/index.php?rest_route=\/wp\/v2\/posts\/25880\/revisions"}],"predecessor-version":[{"id":25882,"href":"https:\/\/2horizontes.com\/index.php?rest_route=\/wp\/v2\/posts\/25880\/revisions\/25882"}],"wp:featuredmedia":[{"embeddable":true,"href":"https:\/\/2horizontes.com\/index.php?rest_route=\/wp\/v2\/media\/25881"}],"wp:attachment":[{"href":"https:\/\/2horizontes.com\/index.php?rest_route=%2Fwp%2Fv2%2Fmedia&parent=25880"}],"wp:term":[{"taxonomy":"category","embeddable":true,"href":"https:\/\/2horizontes.com\/index.php?rest_route=%2Fwp%2Fv2%2Fcategories&post=25880"},{"taxonomy":"post_tag","embeddable":true,"href":"https:\/\/2horizontes.com\/index.php?rest_route=%2Fwp%2Fv2%2Ftags&post=25880"}],"curies":[{"name":"wp","href":"https:\/\/api.w.org\/{rel}","templated":true}]}}