{"id":25873,"date":"2015-09-26T10:29:58","date_gmt":"2015-09-26T09:29:58","guid":{"rendered":"http:\/\/2horizontes.com\/?p=25873"},"modified":"2015-09-26T10:29:58","modified_gmt":"2015-09-26T09:29:58","slug":"congreso-comienza-debate-de-proyecto-de-ley-para-nueva-reeleccion-de-morales","status":"publish","type":"post","link":"https:\/\/2horizontes.com\/?p=25873","title":{"rendered":"Congreso comienza debate de proyecto de ley para nueva reelecci\u00f3n de Morales"},"content":{"rendered":"<div id=\"ArticleAuthorDiv\" class=\"article-body-author\"><b>EFE<\/b><\/div>\n<div id=\"ArticleSourceDiv\" class=\"article-body-author\"><b>La Paz<\/b><\/div>\n<div id=\"ArticleBody\">\n<p>El Congreso boliviano, controlado por el oficialismo, comenz\u00f3 ayer a debatir un proyecto de ley que busca habilitar al presidente del pa\u00eds, Evo Morales, para que se presente como candidato a la Presidencia en los comicios del 2019, previa aprobaci\u00f3n de esa reforma en un referendo.<\/p>\n<p>El presidente del Senado, el oficialista Jos\u00e9 Gonzales, inici\u00f3 la sesi\u00f3n pasadas las 16.00 hora local (20.00 GMT) en medio de un cruce de gritos, cr\u00edticas e insultos entre los legisladores del gubernamental Movimiento Al Socialismo (MAS) y los asamble\u00edstas de las diversas fuerzas opositoras, que son minoritarias en el Congreso.<\/p>\n<p>A la sesi\u00f3n asisten senadores y diputados, entre los que el partido de Morales tiene los dos tercios de votos necesarios para aprobar la normativa al margen de la oposici\u00f3n, constat\u00f3 Efe.<\/p>\n<p>El proyecto de ley plantea que el art\u00edculo 168 de la Carta Magna establezca que el mandato de un presidente y de un vicepresidente sea de cinco a\u00f1os, pudiendo ser reelegidos dos veces consecutivas, en lugar de una sola vez como fija actualmente la Constituci\u00f3n.<\/p>\n<p>Adem\u00e1s, la propuesta contiene una \u00abdisposici\u00f3n transitoria\u00bb que sostiene que el primer mandato, bajo la Constituci\u00f3n promulgada en 2009, corresponde al per\u00edodo 2010-2015, la primera reelecci\u00f3n a la gesti\u00f3n 2015-2020 y la segunda al quinquenio 2020-2025.<\/p>\n<p>Morales y su vicepresidente, \u00c1lvaro Garc\u00eda Linera, podr\u00edan presentarse nuevamente como candidatos para los comicios del 2019 alegando que buscan una segunda reelecci\u00f3n.<\/p>\n<p>En esa l\u00f3gica, el primer mandato que tuvieron, 2006-2010, no contar\u00eda para ese c\u00f3mputo porque correspondi\u00f3 al periodo previo a la refundaci\u00f3n del pa\u00eds con la Constituci\u00f3n promulgada en 2009, una argumentaci\u00f3n que ha rechazado varias veces la oposici\u00f3n.<\/p>\n<p>Los opositores han denunciado que esa argumentaci\u00f3n es una maniobra porque Morales y Garc\u00eda Linera gobiernan el pa\u00eds desde el 2006 y de ganar en 2019 iniciar\u00edan su cuarto mandato consecutivo.<\/p>\n<p>El proyecto tambi\u00e9n tiene una \u00abdisposici\u00f3n final\u00bb que establece que la reforma ser\u00e1 v\u00e1lida si es aprobada en un referendo, que el oficialismo proyecta para el 21 de febrero de 2016.<\/p>\n<p>El senador opositor Oscar Ortiz pidi\u00f3 la suspensi\u00f3n de la sesi\u00f3n argumentando que hubo una supuesta irregularidad en el tratamiento del proyecto de ley en una comisi\u00f3n del Congreso, pero su petici\u00f3n fue descartada por la mayor\u00eda oficialista.<\/p>\n<p>En su discurso, Ortiz dijo que rechaza el proyecto de ley para la nueva reelecci\u00f3n porque \u00absolo los gobiernos autoritarios se buscan prorrogar y extenderse en contra de lo que dicen la Constituciones, que jam\u00e1s se deben cambiar para beneficio de quien est\u00e1 gobernando\u00bb.<\/p>\n<p>Varios de los legisladores opositores visten camisetas blancas y llevan carteles con el lema \u00abNo a la reelecci\u00f3n\u00bb.<\/p>\n<p>Los dirigentes de los sindicatos afines a Morales, que fueron los que propusieron oficialmente al Congreso el proyecto de reelecci\u00f3n, asisten como espectadores a la sesi\u00f3n con carteles que defienden la nueva postulaci\u00f3n de Morales e insultan a los l\u00edderes opositores.<\/p>\n<p>Medio centenar de legisladores oficialistas y opositores se anotaron como oradores para intervenir en el debate del Congreso, que se prolongar\u00e1 por varias horas.<\/p>\n<\/div>\n","protected":false},"excerpt":{"rendered":"<p>EFE La Paz El Congreso boliviano, controlado por el oficialismo, comenz\u00f3 ayer a debatir un proyecto de ley que busca habilitar al presidente del pa\u00eds, Evo Morales, para que se presente como candidato a la Presidencia en los comicios del 2019, previa aprobaci\u00f3n de esa reforma en un referendo. El presidente del Senado, el oficialista [&hellip;]<\/p>\n","protected":false},"author":7,"featured_media":25874,"comment_status":"open","ping_status":"open","sticky":false,"template":"","format":"standard","meta":{"footnotes":""},"categories":[40,43],"tags":[],"class_list":["post-25873","post","type-post","status-publish","format-standard","has-post-thumbnail","hentry","category-internacionales","category-politica"],"_links":{"self":[{"href":"https:\/\/2horizontes.com\/index.php?rest_route=\/wp\/v2\/posts\/25873","targetHints":{"allow":["GET"]}}],"collection":[{"href":"https:\/\/2horizontes.com\/index.php?rest_route=\/wp\/v2\/posts"}],"about":[{"href":"https:\/\/2horizontes.com\/index.php?rest_route=\/wp\/v2\/types\/post"}],"author":[{"embeddable":true,"href":"https:\/\/2horizontes.com\/index.php?rest_route=\/wp\/v2\/users\/7"}],"replies":[{"embeddable":true,"href":"https:\/\/2horizontes.com\/index.php?rest_route=%2Fwp%2Fv2%2Fcomments&post=25873"}],"version-history":[{"count":1,"href":"https:\/\/2horizontes.com\/index.php?rest_route=\/wp\/v2\/posts\/25873\/revisions"}],"predecessor-version":[{"id":25875,"href":"https:\/\/2horizontes.com\/index.php?rest_route=\/wp\/v2\/posts\/25873\/revisions\/25875"}],"wp:featuredmedia":[{"embeddable":true,"href":"https:\/\/2horizontes.com\/index.php?rest_route=\/wp\/v2\/media\/25874"}],"wp:attachment":[{"href":"https:\/\/2horizontes.com\/index.php?rest_route=%2Fwp%2Fv2%2Fmedia&parent=25873"}],"wp:term":[{"taxonomy":"category","embeddable":true,"href":"https:\/\/2horizontes.com\/index.php?rest_route=%2Fwp%2Fv2%2Fcategories&post=25873"},{"taxonomy":"post_tag","embeddable":true,"href":"https:\/\/2horizontes.com\/index.php?rest_route=%2Fwp%2Fv2%2Ftags&post=25873"}],"curies":[{"name":"wp","href":"https:\/\/api.w.org\/{rel}","templated":true}]}}