{"id":25836,"date":"2015-09-25T18:34:13","date_gmt":"2015-09-25T17:34:13","guid":{"rendered":"http:\/\/2horizontes.com\/?p=25836"},"modified":"2015-09-25T18:34:13","modified_gmt":"2015-09-25T17:34:13","slug":"muere-infante-electrocutado-en-la-vega-rd","status":"publish","type":"post","link":"https:\/\/2horizontes.com\/?p=25836","title":{"rendered":"Muere infante electrocutado en La Vega RD"},"content":{"rendered":"<p><strong>RD-LA VEGA-<\/strong>&#8211;\u00a0La Polic\u00eda report\u00f3 \u00a0la muerte por electrocuci\u00f3n del ni\u00f1o Liberato Santos, hijo de Yesica Mar\u00eda Santos Mart\u00ednez.<\/p>\n<p>El reporte preliminar indica que el infante agarr\u00f3 un alambre electrificado dentro de la vivienda en que resid\u00eda ubicada en el Distrito Municipal Rinc\u00f3n, La Vega.<\/p>\n<p>La instituci\u00f3n del orden precis\u00f3 que cada uno de los casos se encuentra bajo investigaci\u00f3n de personal de la Direcci\u00f3n Central de Investigaciones Criminales (DICRIM), por lo que oportunamente se ofrecer\u00e1n mayores detalles.<\/p>\n","protected":false},"excerpt":{"rendered":"<p>RD-LA VEGA-&#8211;\u00a0La Polic\u00eda report\u00f3 \u00a0la muerte por electrocuci\u00f3n del ni\u00f1o Liberato Santos, hijo de Yesica Mar\u00eda Santos Mart\u00ednez. El reporte preliminar indica que el infante agarr\u00f3 un alambre electrificado dentro de la vivienda en que resid\u00eda ubicada en el Distrito Municipal Rinc\u00f3n, La Vega. La instituci\u00f3n del orden precis\u00f3 que cada uno de los casos [&hellip;]<\/p>\n","protected":false},"author":8,"featured_media":25837,"comment_status":"open","ping_status":"open","sticky":false,"template":"","format":"standard","meta":{"footnotes":""},"categories":[53,44],"tags":[],"class_list":["post-25836","post","type-post","status-publish","format-standard","has-post-thumbnail","hentry","category-provincias","category-republica-dominicana"],"_links":{"self":[{"href":"https:\/\/2horizontes.com\/index.php?rest_route=\/wp\/v2\/posts\/25836","targetHints":{"allow":["GET"]}}],"collection":[{"href":"https:\/\/2horizontes.com\/index.php?rest_route=\/wp\/v2\/posts"}],"about":[{"href":"https:\/\/2horizontes.com\/index.php?rest_route=\/wp\/v2\/types\/post"}],"author":[{"embeddable":true,"href":"https:\/\/2horizontes.com\/index.php?rest_route=\/wp\/v2\/users\/8"}],"replies":[{"embeddable":true,"href":"https:\/\/2horizontes.com\/index.php?rest_route=%2Fwp%2Fv2%2Fcomments&post=25836"}],"version-history":[{"count":1,"href":"https:\/\/2horizontes.com\/index.php?rest_route=\/wp\/v2\/posts\/25836\/revisions"}],"predecessor-version":[{"id":25838,"href":"https:\/\/2horizontes.com\/index.php?rest_route=\/wp\/v2\/posts\/25836\/revisions\/25838"}],"wp:featuredmedia":[{"embeddable":true,"href":"https:\/\/2horizontes.com\/index.php?rest_route=\/wp\/v2\/media\/25837"}],"wp:attachment":[{"href":"https:\/\/2horizontes.com\/index.php?rest_route=%2Fwp%2Fv2%2Fmedia&parent=25836"}],"wp:term":[{"taxonomy":"category","embeddable":true,"href":"https:\/\/2horizontes.com\/index.php?rest_route=%2Fwp%2Fv2%2Fcategories&post=25836"},{"taxonomy":"post_tag","embeddable":true,"href":"https:\/\/2horizontes.com\/index.php?rest_route=%2Fwp%2Fv2%2Ftags&post=25836"}],"curies":[{"name":"wp","href":"https:\/\/api.w.org\/{rel}","templated":true}]}}