{"id":25764,"date":"2015-09-25T09:18:47","date_gmt":"2015-09-25T08:18:47","guid":{"rendered":"http:\/\/2horizontes.com\/?p=25764"},"modified":"2015-09-25T09:19:04","modified_gmt":"2015-09-25T08:19:04","slug":"el-ayuntamiento-desaloja-las-dos-acampadas-instaladas-en-cibeles","status":"publish","type":"post","link":"https:\/\/2horizontes.com\/?p=25764","title":{"rendered":"El Ayuntamiento desaloja las dos acampadas instaladas en Cibeles"},"content":{"rendered":"<p>El Ayuntamiento de Madrid ha desalojado las dos acampadas de grupos de ideolog\u00eda enfrentada que desde hace d\u00edas coincid\u00edan en las inmediaciones del Palacio de Cibeles, seg\u00fan han indicado fuentes municipales.<\/p>\n<p>El responsable de Seguridad municipal, Javier Barbero, comparecer\u00e1 esta ma\u00f1ana para dar cuenta de los desalojos, que se han producido esta noche.<\/p>\n<p>El Ayuntamiento de Madrid solicit\u00f3 ayer a la Delegaci\u00f3n del Gobierno el desalojo de la acampada que desde hace cuatro d\u00edas manten\u00edan integrantes de un grupo de ideolog\u00eda nazi que fueron expulsados del antiguo edificio de F\u00f3rum Filat\u00e9lico.<\/p>\n<p>PROTESTA<\/p>\n<p>Antes, la delegada del Gobierno, Concepci\u00f3n Dancausa, hab\u00eda manifestado en una carta a la alcaldesa de Madrid, Manuela Carmena, su preocupaci\u00f3n por las dos acampadas instaladas ante el Palacio de Cibeles y le ha recordado que las ordenanzas municipales proh\u00edben este tipo de actos en la v\u00eda p\u00fablica.<\/p>\n<p>El primer grupo en asentarse en la zona, hace 78 d\u00edas, protestaba contra la Ley de Seguridad Ciudadana y se autodenominaba Acampada mordaza.<\/p>\n<p>La otra la iniciaron el pasado lunes integrantes de un grupo de ideolog\u00eda nazi recientemente desalojados del edificio de F\u00f3rum Filat\u00e9lico y es el grupo que el Ayuntamiento hab\u00eda pedido desalojar.<\/p>\n","protected":false},"excerpt":{"rendered":"<p>El Ayuntamiento de Madrid ha desalojado las dos acampadas de grupos de ideolog\u00eda enfrentada que desde hace d\u00edas coincid\u00edan en las inmediaciones del Palacio de Cibeles, seg\u00fan han indicado fuentes municipales. El responsable de Seguridad municipal, Javier Barbero, comparecer\u00e1 esta ma\u00f1ana para dar cuenta de los desalojos, que se han producido esta noche. El Ayuntamiento [&hellip;]<\/p>\n","protected":false},"author":3,"featured_media":25765,"comment_status":"open","ping_status":"open","sticky":false,"template":"","format":"standard","meta":{"footnotes":""},"categories":[85],"tags":[],"class_list":["post-25764","post","type-post","status-publish","format-standard","has-post-thumbnail","hentry","category-espana"],"_links":{"self":[{"href":"https:\/\/2horizontes.com\/index.php?rest_route=\/wp\/v2\/posts\/25764","targetHints":{"allow":["GET"]}}],"collection":[{"href":"https:\/\/2horizontes.com\/index.php?rest_route=\/wp\/v2\/posts"}],"about":[{"href":"https:\/\/2horizontes.com\/index.php?rest_route=\/wp\/v2\/types\/post"}],"author":[{"embeddable":true,"href":"https:\/\/2horizontes.com\/index.php?rest_route=\/wp\/v2\/users\/3"}],"replies":[{"embeddable":true,"href":"https:\/\/2horizontes.com\/index.php?rest_route=%2Fwp%2Fv2%2Fcomments&post=25764"}],"version-history":[{"count":1,"href":"https:\/\/2horizontes.com\/index.php?rest_route=\/wp\/v2\/posts\/25764\/revisions"}],"predecessor-version":[{"id":25766,"href":"https:\/\/2horizontes.com\/index.php?rest_route=\/wp\/v2\/posts\/25764\/revisions\/25766"}],"wp:featuredmedia":[{"embeddable":true,"href":"https:\/\/2horizontes.com\/index.php?rest_route=\/wp\/v2\/media\/25765"}],"wp:attachment":[{"href":"https:\/\/2horizontes.com\/index.php?rest_route=%2Fwp%2Fv2%2Fmedia&parent=25764"}],"wp:term":[{"taxonomy":"category","embeddable":true,"href":"https:\/\/2horizontes.com\/index.php?rest_route=%2Fwp%2Fv2%2Fcategories&post=25764"},{"taxonomy":"post_tag","embeddable":true,"href":"https:\/\/2horizontes.com\/index.php?rest_route=%2Fwp%2Fv2%2Ftags&post=25764"}],"curies":[{"name":"wp","href":"https:\/\/api.w.org\/{rel}","templated":true}]}}