{"id":25735,"date":"2015-09-25T08:26:17","date_gmt":"2015-09-25T07:26:17","guid":{"rendered":"http:\/\/2horizontes.com\/?p=25735"},"modified":"2015-09-25T08:26:17","modified_gmt":"2015-09-25T07:26:17","slug":"corte-de-la-haya-se-declara-competente-para-abordar-disputa-maritima-entre-chile-y-bolivia","status":"publish","type":"post","link":"https:\/\/2horizontes.com\/?p=25735","title":{"rendered":"Corte de La Haya se declara competente para abordar disputa mar\u00edtima entre Chile y Bolivia"},"content":{"rendered":"<div id=\"ArticleAuthorDiv\" class=\"article-body-author\"><b>EFE\u00a0<\/b><\/div>\n<div id=\"ArticleSourceDiv\" class=\"article-body-author\"><b>La Haya<\/b><\/div>\n<div id=\"ArticleBody\">\n<p>La Corte Internacional de Justicia (CIJ) se declar\u00f3 hoy competente para dirimir la demanda planteada en 2013 por Bolivia contra Chile para que el tribunal declare la obligaci\u00f3n de Santiago de negociar un acceso soberano al oc\u00e9ano Pac\u00edfico que La Paz perdi\u00f3 en la guerra del Pac\u00edfico, a fines del siglo XIX.<\/p>\n<p>El presidente de la Corte, Ronny Abraham, ley\u00f3 la sentencia en la que los jueces del alto tribunal de la ONU rechazan con 14 votos contra dos la objeci\u00f3n preliminar presentada por Chile para que se declare incompetente.<\/p>\n<p>En id\u00e9ntico n\u00famero de votos determinan que la CIJ tiene jurisdicci\u00f3n para abordar la demanda presentada por Bolivia el 24 de abril de 2013.<\/p>\n<p>La Corte determina en su auto que el fondo de la disputa en esta demanda es si Chile est\u00e1 obligada a negociar de buena fe el acceso soberano de Bolivia al oc\u00e9ano Pac\u00edfico que perdi\u00f3 en 1879 y, si tal obligaci\u00f3n existe, si aquel pa\u00eds la ha incumplido.<\/p>\n<p>Para Bolivia el fallo es una \u00abenorme satisfacci\u00f3n\u00bb, seg\u00fan dijo el presidente de ese pa\u00eds, Evo Morales, quien agreg\u00f3 que su Gobierno recibe la sentencia \u00abcon mucha humildad y serenidad\u00bb, y convoc\u00f3 al Gobierno de Michelle Bachelet a dialogar sobre el tema.<\/p>\n<p>\u00abSomos un pa\u00eds de paz, somos un Estado de di\u00e1logo y por eso quiero convocar al Gobierno de Chile a acompa\u00f1ar este proceso mediante el di\u00e1logo. Qu\u00e9 mejor como pa\u00edses vecinos, como pa\u00edses hermanos de Suram\u00e9rica que resolver (la demanda) mediante el di\u00e1logo\u00bb, se\u00f1al\u00f3 en La Paz.<\/p>\n<p>La presidenta de Chile, Michelle Bachelet, declar\u00f3 por su parte que la decisi\u00f3n de la CIJ en nada afecta a la integridad territorial de Chile, ya que \u00abBolivia no gana nada\u00bb.<\/p>\n<p>Bachelet asegur\u00f3 que \u00abChile no tiene temas de l\u00edmites pendientes con Bolivia\u00bb y que la resoluci\u00f3n del alto tribunal de ONU no debe ser entendida en La Paz como un triunfo para sus aspiraciones de contar con un acceso soberano al Pac\u00edfico.<\/p>\n<p>La CIJ sostuvo en su fallo que las cuestiones en disputa entre los dos pa\u00edses son asuntos que \u00abno se han resuelto por acuerdos entre las partes o por decisi\u00f3n de un tribunal de arbitraje o internacional, ni tampoco est\u00e1n gobernados por acuerdos o tratados en vigor\u00bb en la fecha de la firma del pacto de Bogot\u00e1 en 1948.<\/p>\n<p>Chile alegaba que la CIJ no era competente para dirimir la demanda de Bolivia porque considera que la cuesti\u00f3n en disputa, la soberan\u00eda territorial y la naturaleza del acceso de Bolivia al Pac\u00edfico, qued\u00f3 arreglada por un acuerdo en el tratado de Paz y Amistad de 1904 y que permanece gobernada por ese tratado.<\/p>\n<p>El citado acuerdo fue firmado 25 a\u00f1os despu\u00e9s de la guerra del Pac\u00edfico, en la que Bolivia perdi\u00f3 ante Chile 400 kil\u00f3metros de costa y 120.000 kil\u00f3metros cuadrados de territorio.<\/p>\n<p>Para Bolivia, no obstante, la obligaci\u00f3n de Chile de negociar de buena fe el acceso soberano del pa\u00eds al mar, que se deriva de \u00abacuerdos, pr\u00e1cticas diplom\u00e1ticas y declaraciones atribuibles a Chile\u00bb durante m\u00e1s de un siglo, existe con independencia del tratado de Paz y no ha quedado resuelta ni gobernada en el mismo.<\/p>\n<p>La CIJ considera en su fallo que ese tratado \u00abno aborda ni expresa ni impl\u00edcitamente la cuesti\u00f3n de la presunta obligaci\u00f3n de Chile de negociar el acceso soberano de Bolivia al Pac\u00edfico\u00bb.<\/p>\n<p>En La Haya, el agente de Bolivia ante la Corte y expresidente del pa\u00eds, Eduardo Rodr\u00edguez, (2005-2006) dijo que la demanda de La Paz \u00abno es un acto hostil hacia Chile, ni menos una actuaci\u00f3n que ponga en duda o altere el sistema internacional de las fronteras\u00bb.<\/p>\n<p>El proceso que continuar\u00e1 en la CIJ, \u00abnos llevar\u00e1 a un di\u00e1logo fruct\u00edfero, que tienda puentes y nos ayude a superar aquellos muros que todav\u00eda nos separan\u00bb con Chile, indic\u00f3.<\/p>\n<p>El agente de Chile, Felipe Bulnes, por su parte, se\u00f1al\u00f3 en la Corte que el fallo del tribunal le produce \u00abemociones encontradas\u00bb, porque por un lado \u00e9ste ha rechazado la objeci\u00f3n del pa\u00eds, pero por otro no se siente autorizado para declarar un derecho a una salida soberana al mar ni tampoco para determinar un \u00abresultado determinado\u00bb de la supuesta obligaci\u00f3n de Chile de negociar.<\/p>\n<\/div>\n","protected":false},"excerpt":{"rendered":"<p>EFE\u00a0 La Haya La Corte Internacional de Justicia (CIJ) se declar\u00f3 hoy competente para dirimir la demanda planteada en 2013 por Bolivia contra Chile para que el tribunal declare la obligaci\u00f3n de Santiago de negociar un acceso soberano al oc\u00e9ano Pac\u00edfico que La Paz perdi\u00f3 en la guerra del Pac\u00edfico, a fines del siglo XIX. [&hellip;]<\/p>\n","protected":false},"author":7,"featured_media":25738,"comment_status":"open","ping_status":"open","sticky":false,"template":"","format":"standard","meta":{"footnotes":""},"categories":[40,43],"tags":[],"class_list":["post-25735","post","type-post","status-publish","format-standard","has-post-thumbnail","hentry","category-internacionales","category-politica"],"_links":{"self":[{"href":"https:\/\/2horizontes.com\/index.php?rest_route=\/wp\/v2\/posts\/25735","targetHints":{"allow":["GET"]}}],"collection":[{"href":"https:\/\/2horizontes.com\/index.php?rest_route=\/wp\/v2\/posts"}],"about":[{"href":"https:\/\/2horizontes.com\/index.php?rest_route=\/wp\/v2\/types\/post"}],"author":[{"embeddable":true,"href":"https:\/\/2horizontes.com\/index.php?rest_route=\/wp\/v2\/users\/7"}],"replies":[{"embeddable":true,"href":"https:\/\/2horizontes.com\/index.php?rest_route=%2Fwp%2Fv2%2Fcomments&post=25735"}],"version-history":[{"count":1,"href":"https:\/\/2horizontes.com\/index.php?rest_route=\/wp\/v2\/posts\/25735\/revisions"}],"predecessor-version":[{"id":25740,"href":"https:\/\/2horizontes.com\/index.php?rest_route=\/wp\/v2\/posts\/25735\/revisions\/25740"}],"wp:featuredmedia":[{"embeddable":true,"href":"https:\/\/2horizontes.com\/index.php?rest_route=\/wp\/v2\/media\/25738"}],"wp:attachment":[{"href":"https:\/\/2horizontes.com\/index.php?rest_route=%2Fwp%2Fv2%2Fmedia&parent=25735"}],"wp:term":[{"taxonomy":"category","embeddable":true,"href":"https:\/\/2horizontes.com\/index.php?rest_route=%2Fwp%2Fv2%2Fcategories&post=25735"},{"taxonomy":"post_tag","embeddable":true,"href":"https:\/\/2horizontes.com\/index.php?rest_route=%2Fwp%2Fv2%2Ftags&post=25735"}],"curies":[{"name":"wp","href":"https:\/\/api.w.org\/{rel}","templated":true}]}}