{"id":25732,"date":"2015-09-25T08:24:57","date_gmt":"2015-09-25T07:24:57","guid":{"rendered":"http:\/\/2horizontes.com\/?p=25732"},"modified":"2015-09-25T08:24:57","modified_gmt":"2015-09-25T07:24:57","slug":"paula-transexual-de-16-anos-me-intente-suicidar-el-dia-que-sone-que-me-salia-barba","status":"publish","type":"post","link":"https:\/\/2horizontes.com\/?p=25732","title":{"rendered":"Paula, transexual de 16 a\u00f1os: \u00abMe intent\u00e9 suicidar el d\u00eda que so\u00f1\u00e9 que me sal\u00eda barba"},"content":{"rendered":"<p>La Fundaci\u00f3n Daniela ha puesto en marcha una recogida de firmas para reclamar una Ley Estatal Integral de Transexualidad.<\/p>\n<p>La ausencia de ella provoca que unas comunidades aut\u00f3nomas den m\u00e1s derechos a los menores transexuales que otras.<\/p>\n<p>Son numerosas las trabas administrativas y burocr\u00e1ticas para poder cambiar el nombre y el sexo en el registro.<\/p>\n<p>Expertos se\u00f1alan la importancia de acceder a los bloqueadores del desarrollo hormonal antes de la pubertad.<\/p>\n<p>No era una cuesti\u00f3n de juguetes, de una guerra encubierta entre mu\u00f1ecas y coches, ni de la hegemon\u00eda del rosa frente al azul.<\/p>\n<p>La bella Paula no naci\u00f3 hasta los 15 a\u00f1os, hace solo unos meses. Hasta entonces, tuvo que moverse por el mundo simulando ser Cristian, el nombre que le pusieron al nacer en funci\u00f3n de los genitales con los que vino al mundo. Y sin compartir con nadie lo que solo ella sab\u00eda.<\/p>\n<p>\u00abAl principio no entend\u00eda lo que me pasaba\u00bb, cuenta. Fue a los cuatro a\u00f1os, cuando en el colegio les hablaron de que las ni\u00f1as ten\u00edan un aparato reproductor y los ni\u00f1os otro, cuando se dio cuenta. \u00ab\u00bfPor qu\u00e9 tengo yo esto si me siento una chica?\u00bb, pens\u00f3. Y sinti\u00f3 miedo. Tanto, que opt\u00f3 por el silencio.<\/p>\n<p>La identidad de g\u00e9nero, que no tiene nada que ver con la orientaci\u00f3n sexual, se define entre los dos y los cuatro a\u00f1os, seg\u00fan los expertos.<\/p>\n<p>No Es el g\u00e9nero con el que te identificas, m\u00e1s all\u00e1 del cuerpo que tengas y de los roles de g\u00e9nero\u00bb, explica Isidro Gonz\u00e1lez, asistente social, sex\u00f3logo y gerente de la Fundaci\u00f3n Daniela.<\/p>\n<p>La orientaci\u00f3n sexual, en cambio, \u00abtiene que ver con el deseo sexual y suele descubrirse en la pubertad\u00bb.<\/p>\n<p>\u00abTodos sabemos a esa edad si somos ni\u00f1as o ni\u00f1os, pero ni todos tienen la capacidad de expresarlo ni todos optan por hacerlo visible\u00bb, explica Gonz\u00e1lez. Como Paula, que call\u00f3 por miedo al rechazo y a que la se\u00f1alaran con el dedo. Tem\u00eda que su padres dejaran de quererla, que la echaran de casa.<\/p>\n<p>\u00abNo sab\u00edamos de donde le ven\u00eda tanta tristeza\u00bb, afirma Ruth, su madre. Lo apuntaron a Judo, \u00abpero no dur\u00f3 nada\u00bb.<\/p>\n<p>Lo intentaron con el f\u00fatbol, \u00abpero tampoco hubo manera\u00bb. \u00abSolo jugaba con ni\u00f1as y, sobre los 8 a\u00f1os, empezamos a pensar que igual era gay.<\/p>\n<p>Entre tanto, Paula aprovechaba los momentos en que sus padres se iban de casa para encerrarse en el ba\u00f1o y ponerse la ropa sucia de su madre. \u00abNo quer\u00eda usar la limpia para que no lo notara\u00bb, cuenta. \u00abMe ve\u00eda en el espejo y me sent\u00eda yo misma\u00bb.<\/p>\n<p>Paula tuvo que soportar, bajo la apariencia de Cristian, un intenso acoso escolar desde infantil y primaria, acoso que se intensific\u00f3 en el instituto pero sobre el que prefiri\u00f3 callar.<\/p>\n<p>Estaba aislada, no le hablaban si no era para insultarla, y lleg\u00f3 a recibir amenazas. \u00abEl instituto fue horrible. Recuerdo mis primeros a\u00f1os de recreo siempre sola en una esquina\u00bb. Repiti\u00f3 curso y su rendimiento escolar no era bueno.<\/p>\n<p>Intento de suicidio<\/p>\n<p>\u00abSolo dorm\u00eda. Ven\u00eda del instituto, se met\u00eda en la cama y hasta el d\u00eda siguiente. Pens\u00e1bamos que ten\u00eda alg\u00fan problema y hasta le hicieron pruebas neurol\u00f3gicas, pero no encontraron nada\u00bb, afirma Ruth.<\/p>\n<p>Desesperada, Paula decidi\u00f3 que, si le hab\u00eda tocado un cuerpo de chico, intentar\u00eda vivir como un chico. \u00abMe sent\u00eda mal porque no era yo, pero lo intent\u00e9.<\/p>\n<p>Hasta que una noche so\u00f1\u00e9 que me volv\u00eda masculina, que me sal\u00eda vello, barba y mucho m\u00fasculo. Me despert\u00e9 llorando e intent\u00e9 suicidarme\u00bb.<\/p>\n<p>\u00abAquello nos hizo actuar y buscar ayuda\u00bb, cuenta Ruth. Cuando, al hablarle de la homosexualidad, de su boca sali\u00f3 de pasada la palabra transexual, Paula lo tuvo claro. \u00abYo soy eso\u00bb, le dijo a su madre. Ruth reconoce que le cost\u00f3 digerirlo.<\/p>\n<p>Fue dif\u00edcil porque no encontraba ninguna informaci\u00f3n. La psic\u00f3loga del hospital donde la atendieron por el intento de suicidio no ten\u00eda ni idea del asunto.<\/p>\n<p>Hasta que, buscando en Internet, en enero de este a\u00f1o llegaron al Programa de Informaci\u00f3n y Atenci\u00f3n a Homosexuales y Transexuales de la Comunidad de Madrid.<\/p>\n<p>\u00abPor fin le puse nombre a lo que me pasaba\u00bb, cuenta Paula. \u00abEl primer d\u00eda que supe que hab\u00eda m\u00e1s chicas como yo sent\u00ed un gran alivio. Al fin me pude expresar como soy sin miedo.<\/p>\n<p>Y solo un mes y medio despu\u00e9s, Paula ya era Paula a ojos del resto del mundo. \u00abLa idea era que iniciara la transici\u00f3n en verano para que en septiembre concluyera el tr\u00e1nsito\u00bb, dice su madre. Pero Paula ya hab\u00eda esperado demasiado.<\/p>\n<p>Fue ella misma la que habl\u00f3 con el director de su instituto, un centro p\u00fablico de Parla (Madrid). \u00abPens\u00e9 que el instituto iba a ir mal, pero la reacci\u00f3n ha sido muy buena.<\/p>\n<p>Nadie le puso problemas en respetar su nuevo nombre, y pese a ciertas reticencias iniciales, Paula puede usar el ba\u00f1o que le corresponde. \u00abMuchas chicas se acercaron a preguntarme qu\u00e9 tal estaba, y ahora tengo un grupo de amigas\u00bb, afirma. \u00abAntes estaba encerrada y ahora no paro de salir, quiero hacer todo lo que no he hecho antes\u00bb.<\/p>\n<p>Con sus pantalones pitillo, sus bailarinas y su melena, parece una ni\u00f1a feliz. Acaba de cumplir 16 a\u00f1os y para ella es muy importante la visibilizaci\u00f3n.<\/p>\n<p>En Marzo empez\u00f3 con los bloqueadores hormonales, que le impiden desarrollar caracter\u00edsticas masculinas como barba, el cambio de voz, etc, y a est\u00e1 a la espera de poder empezar el tratamiento de hormonaci\u00f3n cruzada.<\/p>\n<p>Necesidad de una ley estatal<\/p>\n<p>El problema es que en Espa\u00f1a no hay una ley integral a nivel estatal que aborde el tema de la transexualidad. Hay leyes auton\u00f3micas en Navarra, Pa\u00eds Vasco, Andaluc\u00eda, Extremadura y Canarias (la Comunidad de Madrid est\u00e1 en ello), con lo que la atenci\u00f3n desde el punto de vista m\u00e9dico, psicol\u00f3gico y social es distinta seg\u00fan d\u00f3nde se viva.<\/p>\n<p>En la Comunidad de Madrid, por ejemplo, al igual que otras regiones, solo se puede acceder a los bloqueadores hormonales cuando se es mayor de 18 a\u00f1os.<\/p>\n<p>\u00abCuanto m\u00e1s tarde accedan a los inhibidores estos ni\u00f1os y adolescentes, m\u00e1s riesgos tendr\u00e1n que enfrentar para su salud mental y f\u00edsica, ya que se les obliga a desarrollar un cuerpo con el que no se identifican. Esto, adem\u00e1s les dejar\u00e1 m\u00e1s expuestos al estigma y la discriminaci\u00f3n\u00bb, afirman desde la Fundaci\u00f3n Daniela.<\/p>\n","protected":false},"excerpt":{"rendered":"<p>La Fundaci\u00f3n Daniela ha puesto en marcha una recogida de firmas para reclamar una Ley Estatal Integral de Transexualidad. La ausencia de ella provoca que unas comunidades aut\u00f3nomas den m\u00e1s derechos a los menores transexuales que otras. Son numerosas las trabas administrativas y burocr\u00e1ticas para poder cambiar el nombre y el sexo en el registro. [&hellip;]<\/p>\n","protected":false},"author":3,"featured_media":25736,"comment_status":"open","ping_status":"open","sticky":false,"template":"","format":"standard","meta":{"footnotes":""},"categories":[57],"tags":[],"class_list":["post-25732","post","type-post","status-publish","format-standard","has-post-thumbnail","hentry","category-mundo-gay"],"_links":{"self":[{"href":"https:\/\/2horizontes.com\/index.php?rest_route=\/wp\/v2\/posts\/25732","targetHints":{"allow":["GET"]}}],"collection":[{"href":"https:\/\/2horizontes.com\/index.php?rest_route=\/wp\/v2\/posts"}],"about":[{"href":"https:\/\/2horizontes.com\/index.php?rest_route=\/wp\/v2\/types\/post"}],"author":[{"embeddable":true,"href":"https:\/\/2horizontes.com\/index.php?rest_route=\/wp\/v2\/users\/3"}],"replies":[{"embeddable":true,"href":"https:\/\/2horizontes.com\/index.php?rest_route=%2Fwp%2Fv2%2Fcomments&post=25732"}],"version-history":[{"count":1,"href":"https:\/\/2horizontes.com\/index.php?rest_route=\/wp\/v2\/posts\/25732\/revisions"}],"predecessor-version":[{"id":25737,"href":"https:\/\/2horizontes.com\/index.php?rest_route=\/wp\/v2\/posts\/25732\/revisions\/25737"}],"wp:featuredmedia":[{"embeddable":true,"href":"https:\/\/2horizontes.com\/index.php?rest_route=\/wp\/v2\/media\/25736"}],"wp:attachment":[{"href":"https:\/\/2horizontes.com\/index.php?rest_route=%2Fwp%2Fv2%2Fmedia&parent=25732"}],"wp:term":[{"taxonomy":"category","embeddable":true,"href":"https:\/\/2horizontes.com\/index.php?rest_route=%2Fwp%2Fv2%2Fcategories&post=25732"},{"taxonomy":"post_tag","embeddable":true,"href":"https:\/\/2horizontes.com\/index.php?rest_route=%2Fwp%2Fv2%2Ftags&post=25732"}],"curies":[{"name":"wp","href":"https:\/\/api.w.org\/{rel}","templated":true}]}}