{"id":25728,"date":"2015-09-25T08:19:43","date_gmt":"2015-09-25T07:19:43","guid":{"rendered":"http:\/\/2horizontes.com\/?p=25728"},"modified":"2015-09-25T08:19:43","modified_gmt":"2015-09-25T07:19:43","slug":"obama-y-castro-hablaran-durante-la-asamblea-de-la-onu-segun-la-casa-blanca","status":"publish","type":"post","link":"https:\/\/2horizontes.com\/?p=25728","title":{"rendered":"Obama y Castro hablar\u00e1n durante la Asamblea de la ONU, seg\u00fan la Casa Blanca"},"content":{"rendered":"<div id=\"ArticleAuthorDiv\" class=\"article-body-author\"><\/div>\n<div id=\"ArticleAuthorDiv\" class=\"article-body-author\"><b>EFE<\/b><\/div>\n<div id=\"ArticleSourceDiv\" class=\"article-body-author\"><b>Washington<\/b><\/div>\n<div id=\"ArticleBody\">\n<p>\u00a0El presidente de EE.UU., Barack Obama, tiene previsto \u00abintercambiar unas palabras\u00bb con su hom\u00f3logo de Cuba, Ra\u00fal Castro, cuando ambos coincidan en la Asamblea General de la ONU en los pr\u00f3ximos d\u00edas, asegur\u00f3 ayer la Casa Blanca.<\/p>\n<p>\u00abNuestra expectativa es que el presidente (Obama) tendr\u00e1 la oportunidad de ver al presidente Castro en alg\u00fan momento en que ambos est\u00e9n all\u00ed\u00bb, dijo el asesor adjunto de seguridad nacional de Obama, Ben Rhodes, en una conferencia de prensa telef\u00f3nica.<\/p>\n<p>No se espera que los dos mandatarios mantengan una reuni\u00f3n bilateral formal, pero s\u00ed encontrar\u00e1n un momento para \u00abhablar y continuar con el proceso de normalizaci\u00f3n\u00bb de las relaciones en alg\u00fan momento entre el domingo y el lunes, cuando ambos coincidan en Nueva York.<\/p>\n<\/div>\n","protected":false},"excerpt":{"rendered":"<p>EFE Washington \u00a0El presidente de EE.UU., Barack Obama, tiene previsto \u00abintercambiar unas palabras\u00bb con su hom\u00f3logo de Cuba, Ra\u00fal Castro, cuando ambos coincidan en la Asamblea General de la ONU en los pr\u00f3ximos d\u00edas, asegur\u00f3 ayer la Casa Blanca. \u00abNuestra expectativa es que el presidente (Obama) tendr\u00e1 la oportunidad de ver al presidente Castro en [&hellip;]<\/p>\n","protected":false},"author":7,"featured_media":25733,"comment_status":"open","ping_status":"open","sticky":false,"template":"","format":"standard","meta":{"footnotes":""},"categories":[49,40,43],"tags":[],"class_list":["post-25728","post","type-post","status-publish","format-standard","has-post-thumbnail","hentry","category-cuba","category-internacionales","category-politica"],"_links":{"self":[{"href":"https:\/\/2horizontes.com\/index.php?rest_route=\/wp\/v2\/posts\/25728","targetHints":{"allow":["GET"]}}],"collection":[{"href":"https:\/\/2horizontes.com\/index.php?rest_route=\/wp\/v2\/posts"}],"about":[{"href":"https:\/\/2horizontes.com\/index.php?rest_route=\/wp\/v2\/types\/post"}],"author":[{"embeddable":true,"href":"https:\/\/2horizontes.com\/index.php?rest_route=\/wp\/v2\/users\/7"}],"replies":[{"embeddable":true,"href":"https:\/\/2horizontes.com\/index.php?rest_route=%2Fwp%2Fv2%2Fcomments&post=25728"}],"version-history":[{"count":1,"href":"https:\/\/2horizontes.com\/index.php?rest_route=\/wp\/v2\/posts\/25728\/revisions"}],"predecessor-version":[{"id":25734,"href":"https:\/\/2horizontes.com\/index.php?rest_route=\/wp\/v2\/posts\/25728\/revisions\/25734"}],"wp:featuredmedia":[{"embeddable":true,"href":"https:\/\/2horizontes.com\/index.php?rest_route=\/wp\/v2\/media\/25733"}],"wp:attachment":[{"href":"https:\/\/2horizontes.com\/index.php?rest_route=%2Fwp%2Fv2%2Fmedia&parent=25728"}],"wp:term":[{"taxonomy":"category","embeddable":true,"href":"https:\/\/2horizontes.com\/index.php?rest_route=%2Fwp%2Fv2%2Fcategories&post=25728"},{"taxonomy":"post_tag","embeddable":true,"href":"https:\/\/2horizontes.com\/index.php?rest_route=%2Fwp%2Fv2%2Ftags&post=25728"}],"curies":[{"name":"wp","href":"https:\/\/api.w.org\/{rel}","templated":true}]}}