{"id":25658,"date":"2015-09-24T16:50:10","date_gmt":"2015-09-24T15:50:10","guid":{"rendered":"http:\/\/2horizontes.com\/?p=25658"},"modified":"2015-09-24T16:53:17","modified_gmt":"2015-09-24T15:53:17","slug":"el-papa-pide-en-el-congreso-de-eeuu-la-abolicion-mundial-de-la-pena-de-muerte","status":"publish","type":"post","link":"https:\/\/2horizontes.com\/?p=25658","title":{"rendered":"El papa pide en el Congreso de EEUU la abolici\u00f3n mundial de la pena de muerte"},"content":{"rendered":"<p class=\"DETALLE_N_titulo \"><span id=\"ctl14_lblMostra\"><strong>WASHINGTON.-<\/strong> El papa Francisco abog\u00f3 hoy en el Congreso de Estados Unidos por la \u201cabolici\u00f3n mundial de la pena de muerte\u201d porque \u201cuna pena justa y necesaria nunca debe excluir la dimensi\u00f3n de la esperanza y el objetivo de la rehabilitaci\u00f3n\u201d.<\/span><\/p>\n<p>\u201cEstoy convencido que este es el mejor camino, porque cada vida es sagrada, cada persona humana est\u00e1 dotada de una dignidad inalienable y la sociedad solo puede beneficiarse en la rehabilitaci\u00f3n de aquellos que han cometido alg\u00fan delito\u201d, a\u00f1adi\u00f3.<\/p>\n<p>El pont\u00edfice, el primer papa que interviene ante el Congreso estadounidense, record\u00f3 en el contexto de su petici\u00f3n para acabar en el mundo con la pena capital que \u201cel par\u00e1metro que usemos para los dem\u00e1s ser\u00e1 el par\u00e1metro que el tiempo usar\u00e1 con nosotros\u201d.<\/p>\n<p>\u201cLa regla de oro nos recuerda la responsabilidad que tenemos de custodiar y defender la vida humana en todas las etapas de su desarrollo\u201d, agreg\u00f3 Jorge Mario Bergoglio en relaci\u00f3n con la pena de muerte, que sigue vigente en Estados Unidos.<\/p>\n<p>El papa pronunci\u00f3 un discurso en el que utiliz\u00f3 como referencias cuatro personalidades de la historia estadounidense, el expresidente Abraham Lincoln, el Premio Nobel de la paz Martin Luther King, la fundadora del Movimiento de Trabajadores Cat\u00f3licos, Dorothy Day, y el monje cisterciense Thomas Merton.<\/p>\n","protected":false},"excerpt":{"rendered":"<p>WASHINGTON.- El papa Francisco abog\u00f3 hoy en el Congreso de Estados Unidos por la \u201cabolici\u00f3n mundial de la pena de muerte\u201d porque \u201cuna pena justa y necesaria nunca debe excluir la dimensi\u00f3n de la esperanza y el objetivo de la rehabilitaci\u00f3n\u201d. \u201cEstoy convencido que este es el mejor camino, porque cada vida es sagrada, cada [&hellip;]<\/p>\n","protected":false},"author":10,"featured_media":25659,"comment_status":"open","ping_status":"open","sticky":false,"template":"","format":"standard","meta":{"footnotes":""},"categories":[40],"tags":[],"class_list":["post-25658","post","type-post","status-publish","format-standard","has-post-thumbnail","hentry","category-internacionales"],"_links":{"self":[{"href":"https:\/\/2horizontes.com\/index.php?rest_route=\/wp\/v2\/posts\/25658","targetHints":{"allow":["GET"]}}],"collection":[{"href":"https:\/\/2horizontes.com\/index.php?rest_route=\/wp\/v2\/posts"}],"about":[{"href":"https:\/\/2horizontes.com\/index.php?rest_route=\/wp\/v2\/types\/post"}],"author":[{"embeddable":true,"href":"https:\/\/2horizontes.com\/index.php?rest_route=\/wp\/v2\/users\/10"}],"replies":[{"embeddable":true,"href":"https:\/\/2horizontes.com\/index.php?rest_route=%2Fwp%2Fv2%2Fcomments&post=25658"}],"version-history":[{"count":1,"href":"https:\/\/2horizontes.com\/index.php?rest_route=\/wp\/v2\/posts\/25658\/revisions"}],"predecessor-version":[{"id":25660,"href":"https:\/\/2horizontes.com\/index.php?rest_route=\/wp\/v2\/posts\/25658\/revisions\/25660"}],"wp:featuredmedia":[{"embeddable":true,"href":"https:\/\/2horizontes.com\/index.php?rest_route=\/wp\/v2\/media\/25659"}],"wp:attachment":[{"href":"https:\/\/2horizontes.com\/index.php?rest_route=%2Fwp%2Fv2%2Fmedia&parent=25658"}],"wp:term":[{"taxonomy":"category","embeddable":true,"href":"https:\/\/2horizontes.com\/index.php?rest_route=%2Fwp%2Fv2%2Fcategories&post=25658"},{"taxonomy":"post_tag","embeddable":true,"href":"https:\/\/2horizontes.com\/index.php?rest_route=%2Fwp%2Fv2%2Ftags&post=25658"}],"curies":[{"name":"wp","href":"https:\/\/api.w.org\/{rel}","templated":true}]}}