{"id":25652,"date":"2015-09-24T15:23:38","date_gmt":"2015-09-24T14:23:38","guid":{"rendered":"http:\/\/2horizontes.com\/?p=25652"},"modified":"2015-09-24T15:23:38","modified_gmt":"2015-09-24T14:23:38","slug":"el-cuco-agrede-brutalmente-a-un-reportero-de-espejo-publico","status":"publish","type":"post","link":"https:\/\/2horizontes.com\/?p=25652","title":{"rendered":"El Cuco agrede brutalmente a un reportero de &#8216;Espejo P\u00fablico"},"content":{"rendered":"<hr \/>\n<p>Madrid- Jav\u00edar Garc\u00eda, \u00abEl Cuco\u00bb, condenado por el asesinato de Marta del Castillo ha agredido brutalmente a Luis Fernando Rojo reportero de Espejo P\u00fablico.<\/p>\n<p>Tras salir a la luz la nueva imagen del joven y las grabaciones con su madre, el periodista se acerc\u00f3 tanto a \u00e9l como a su madre en una terraza de Sevilla.<\/p>\n<p>La reacci\u00f3n de \u00abEl Cuco\u00bb no se hizo esperar y se emprendi\u00f3 a golpes con Rojo que recibi\u00f3 en est\u00f3mago, cara y piernas.<\/p>\n<p>Las im\u00e1genes fueron captadas por las c\u00e1maras de Antena 3 pero tambi\u00e9n por una reportera de El programa de AR de Telecinco que adem\u00e1s de filmar la agresi\u00f3n tambi\u00e9n consigui\u00f3 entrevistarle con la cara tapada cuando mantuvo la calma.<\/p>\n<p>La brutal agresi\u00f3n de \u00abEl Cuco\u00bb a un reportero de Espejo P\u00fablico ha conmocionado a la opini\u00f3n p\u00fablica. Javier Garc\u00eda fue condenado por encubrimiento en el asesinato de Marta del Castillo y tras varios a\u00f1os sin conocer su paradero ni aspecto, ahora las c\u00e1maras de televisi\u00f3n pudieron desvelar su identidad actual.<\/p>\n<p>Sin embargo, cuando Luis Fernando Rojo se acerc\u00f3 a la terraza de un bar donde se encontraba el joven y su madre, \u00e9ste reaccion\u00f3 violentamente con insultos y amenazas para que no les grabasen m\u00e1s.<\/p>\n<p>Las im\u00e1genes fueron captadas tanto por Espejo P\u00fablico como por El programa de AR. \u00c9ste \u00faltimo gracias a su reportera Roc\u00edo Romero que grab\u00f3 con su tel\u00e9fono m\u00f3vil toda la secuencia de agresi\u00f3n de El Cuco al compa\u00f1ero de Antena 3, se ha podido ver la actitud agresiva del condenado por la muerte de Marta del Castillo.<\/p>\n<p>En las im\u00e1genes se puede escuchar a El Cuco amenazando a Luis Fernando Rojo: \u00ab\u00bfQu\u00e9 quieres, que te meta en la cara?\u00bb y \u00abal que coja me lo llevo al barrio de los &#8216;pall\u00e1'\u00bb.<\/p>\n<p>Durante la secuencia se puede ver al joven completamente fuera de s\u00ed mientras su madre intenta contenerle abraz\u00e1ndole y habl\u00e1ndole. A\u00fan as\u00ed, El Cuco no le hac\u00eda caso y acab\u00f3 tir\u00e1ndola al suelo y golpeando el techo de su coche.<\/p>\n<p>El reportero de Espejo P\u00fablico explica lo sucedido<\/p>\n<p>Luis Fernando Rojo ha realizado conexi\u00f3n con plat\u00f3 tranquilizando acerca de su estado de salud, que estaba bien y que no hizo falta ni supervisi\u00f3n m\u00e9dica.<\/p>\n<p>El reportero explicaba c\u00f3mo fue el pu\u00f1etazo que \u00abEl Cuco\u00bb le embiste y que le deja tirado sobre el cap\u00f3 del coche. A partir de ah\u00ed el resto de golpes lo fue esquivando.<\/p>\n<p>El programa de AR entrevista a El Cuco tras el incidente<\/p>\n<p>La reportera de Telecinco tambi\u00e9n registr\u00f3 la agresi\u00f3n de \u00abEl Cuco\u00bb al compa\u00f1ero periodista. De hecho, lleg\u00f3 a decir: \u00abTe estoy viendo grabarme pero eres una mujer y no te voy a poner la mano encima.<\/p>\n<p>En esos momentos de tensi\u00f3n lleg\u00f3 a gritar: \u00abcomido el marr\u00f3n\u00bb porque \u00abno tengo un duro, como Samuel\u00bb.<\/p>\n<p>Una vez terminados los momentos de tensi\u00f3n \u00abEl Cuco\u00bb ha decidido dar su primera entrevista a las c\u00e1maras de Telecinco.<\/p>\n<p>En las im\u00e1genes se puede ver al joven con la cara tapada con un pa\u00f1uelo, gafas de sol y una gorra. Durante esa conversaci\u00f3n explicaba que desde hac\u00eda seis a\u00f1os estaba sometido a mucha presi\u00f3n.<\/p>\n<p>Miguel Carca\u00f1o me da a entender que tiene un af\u00e1n de protagonismo impresionante porque no para de liarla. Yo no particip\u00e9 en el crimen ni en la desaparici\u00f3n.<\/p>\n<p>Yo no s\u00e9 d\u00f3nde est\u00e1 Marta. Lo saben Miguel y creo que su hermano\u00bb, explicaba \u00abEl Cuco\u00bb a la reportera de El programa de AR.<\/p>\n","protected":false},"excerpt":{"rendered":"<p>Madrid- Jav\u00edar Garc\u00eda, \u00abEl Cuco\u00bb, condenado por el asesinato de Marta del Castillo ha agredido brutalmente a Luis Fernando Rojo reportero de Espejo P\u00fablico. Tras salir a la luz la nueva imagen del joven y las grabaciones con su madre, el periodista se acerc\u00f3 tanto a \u00e9l como a su madre en una terraza de [&hellip;]<\/p>\n","protected":false},"author":3,"featured_media":25653,"comment_status":"open","ping_status":"open","sticky":false,"template":"","format":"standard","meta":{"footnotes":""},"categories":[85],"tags":[],"class_list":["post-25652","post","type-post","status-publish","format-standard","has-post-thumbnail","hentry","category-espana"],"_links":{"self":[{"href":"https:\/\/2horizontes.com\/index.php?rest_route=\/wp\/v2\/posts\/25652","targetHints":{"allow":["GET"]}}],"collection":[{"href":"https:\/\/2horizontes.com\/index.php?rest_route=\/wp\/v2\/posts"}],"about":[{"href":"https:\/\/2horizontes.com\/index.php?rest_route=\/wp\/v2\/types\/post"}],"author":[{"embeddable":true,"href":"https:\/\/2horizontes.com\/index.php?rest_route=\/wp\/v2\/users\/3"}],"replies":[{"embeddable":true,"href":"https:\/\/2horizontes.com\/index.php?rest_route=%2Fwp%2Fv2%2Fcomments&post=25652"}],"version-history":[{"count":1,"href":"https:\/\/2horizontes.com\/index.php?rest_route=\/wp\/v2\/posts\/25652\/revisions"}],"predecessor-version":[{"id":25654,"href":"https:\/\/2horizontes.com\/index.php?rest_route=\/wp\/v2\/posts\/25652\/revisions\/25654"}],"wp:featuredmedia":[{"embeddable":true,"href":"https:\/\/2horizontes.com\/index.php?rest_route=\/wp\/v2\/media\/25653"}],"wp:attachment":[{"href":"https:\/\/2horizontes.com\/index.php?rest_route=%2Fwp%2Fv2%2Fmedia&parent=25652"}],"wp:term":[{"taxonomy":"category","embeddable":true,"href":"https:\/\/2horizontes.com\/index.php?rest_route=%2Fwp%2Fv2%2Fcategories&post=25652"},{"taxonomy":"post_tag","embeddable":true,"href":"https:\/\/2horizontes.com\/index.php?rest_route=%2Fwp%2Fv2%2Ftags&post=25652"}],"curies":[{"name":"wp","href":"https:\/\/api.w.org\/{rel}","templated":true}]}}