{"id":25639,"date":"2015-09-24T14:44:11","date_gmt":"2015-09-24T13:44:11","guid":{"rendered":"http:\/\/2horizontes.com\/?p=25639"},"modified":"2015-09-24T14:44:11","modified_gmt":"2015-09-24T13:44:11","slug":"acusan-a-una-protectora-de-animales-de-robar-el-perro-de-un-mendigo-en-paris","status":"publish","type":"post","link":"https:\/\/2horizontes.com\/?p=25639","title":{"rendered":"Acusan a una protectora de animales de robar el perro de un mendigo en Par\u00eds"},"content":{"rendered":"<p>Cause Animale Nord\u00bb es el nombre de la protectora de animales con sede en Par\u00eds que se ha convertido en el blanco de los usuarios franceses de las redes sociales.<\/p>\n<p>Todo despu\u00e9s de la publicaci\u00f3n de un v\u00eddeo en el que se puede ver a tres integrantes de la asociaci\u00f3n, entre ellos Anthony Blanchard, presidente de la protectora, robando la mascota de un mendigo en las calles de Par\u00eds.<\/p>\n<p>El v\u00eddeo muestra unas violentas im\u00e1genes en el que los trabajadores de la protectora asaltan a un mendigo, forcejeando con \u00e9l hasta arrojarlo al suelo.<\/p>\n<p>En todo momento, el sin techo pide clemencia entre llantos, y cuando le arrebatan al can, sale corriendo tras ellos dejando todas sus pertenencias atr\u00e1s.<\/p>\n<p>Ante el aluvi\u00f3n de cr\u00edticas que la asociaci\u00f3n est\u00e1 recibiendo en sus cuentas de Facebook y Twitter, la protectora, se\u00f1alando que el animal no estaba vacunado ni desparasitado, tan solo ha dicho que consideran que un mendigo no puede cuidar debidamente de un perro.<\/p>\n<p>Asimismo se ha iniciado una campa\u00f1a en Change.org, que pide la devoluci\u00f3n del cachorro y la imputaci\u00f3n de los asaltantes por asalto y agresi\u00f3n f\u00edsica que en tan solo un d\u00eda ya supera las 65.000 firmas.<\/p>\n<p>Desde entonces, la protectora ha publicado el anuncio de puesta en adopci\u00f3n del animal bajo el precio de 195\u20ac.<\/p>\n","protected":false},"excerpt":{"rendered":"<p>Cause Animale Nord\u00bb es el nombre de la protectora de animales con sede en Par\u00eds que se ha convertido en el blanco de los usuarios franceses de las redes sociales. Todo despu\u00e9s de la publicaci\u00f3n de un v\u00eddeo en el que se puede ver a tres integrantes de la asociaci\u00f3n, entre ellos Anthony Blanchard, presidente [&hellip;]<\/p>\n","protected":false},"author":3,"featured_media":25640,"comment_status":"open","ping_status":"open","sticky":false,"template":"","format":"standard","meta":{"footnotes":""},"categories":[86],"tags":[],"class_list":["post-25639","post","type-post","status-publish","format-standard","has-post-thumbnail","hentry","category-europa"],"_links":{"self":[{"href":"https:\/\/2horizontes.com\/index.php?rest_route=\/wp\/v2\/posts\/25639","targetHints":{"allow":["GET"]}}],"collection":[{"href":"https:\/\/2horizontes.com\/index.php?rest_route=\/wp\/v2\/posts"}],"about":[{"href":"https:\/\/2horizontes.com\/index.php?rest_route=\/wp\/v2\/types\/post"}],"author":[{"embeddable":true,"href":"https:\/\/2horizontes.com\/index.php?rest_route=\/wp\/v2\/users\/3"}],"replies":[{"embeddable":true,"href":"https:\/\/2horizontes.com\/index.php?rest_route=%2Fwp%2Fv2%2Fcomments&post=25639"}],"version-history":[{"count":1,"href":"https:\/\/2horizontes.com\/index.php?rest_route=\/wp\/v2\/posts\/25639\/revisions"}],"predecessor-version":[{"id":25641,"href":"https:\/\/2horizontes.com\/index.php?rest_route=\/wp\/v2\/posts\/25639\/revisions\/25641"}],"wp:featuredmedia":[{"embeddable":true,"href":"https:\/\/2horizontes.com\/index.php?rest_route=\/wp\/v2\/media\/25640"}],"wp:attachment":[{"href":"https:\/\/2horizontes.com\/index.php?rest_route=%2Fwp%2Fv2%2Fmedia&parent=25639"}],"wp:term":[{"taxonomy":"category","embeddable":true,"href":"https:\/\/2horizontes.com\/index.php?rest_route=%2Fwp%2Fv2%2Fcategories&post=25639"},{"taxonomy":"post_tag","embeddable":true,"href":"https:\/\/2horizontes.com\/index.php?rest_route=%2Fwp%2Fv2%2Ftags&post=25639"}],"curies":[{"name":"wp","href":"https:\/\/api.w.org\/{rel}","templated":true}]}}