{"id":25574,"date":"2015-09-24T11:13:07","date_gmt":"2015-09-24T10:13:07","guid":{"rendered":"http:\/\/2horizontes.com\/?p=25574"},"modified":"2015-09-24T11:14:14","modified_gmt":"2015-09-24T10:14:14","slug":"rajoy-cree-que-el-aviso-sobre-el-riesgo-de-la-independencia-no-llega-tarde","status":"publish","type":"post","link":"https:\/\/2horizontes.com\/?p=25574","title":{"rendered":"Rajoy cree que el aviso sobre el riesgo de la independencia no llega tarde"},"content":{"rendered":"<div class=\"columna_texto\">\n<div id=\"cuerpo_noticia\" class=\"cuerpo_noticia\">\n<p>Nunca es tarde para avisar de los riesgos de una hipot\u00e9tica independencia de Catalu\u00f1a. Frente a quienes temen que la cascada de admoniciones en la recta final de la campa\u00f1a pueda tener un efecto <em>boomerang<\/em> en el electorado, Mariano Rajoy considera que \u00abuna de las cosas m\u00e1s positivas que han pasado en las \u00faltimas fechas en Catalu\u00f1a es que mucha gente que antes no sal\u00eda p\u00fablicamente a decir lo que pensaba, ahora lo ha hecho\u00bb.<\/p>\n<p>En unas breves declaraciones a la prensa, al t\u00e9rmino del Consejo Europeo, en la madrugada del jueves, el presidente del Gobierno se ha mostrado \u00abreconfortado\u00bb de que empresas, entidades financieras y \u00abgente importante\u00bb de la sociedad civil se hayan pronunciado contra un proyecto que \u00abes realmente un disparate incomprensible en el siglo XXI, que es el siglo de la uni\u00f3n y integraci\u00f3n\u00bb. No importa, a su juicio, si han esperado demasiado para salir a la palestra: \u00abEs igual la hora a la que salgan\u00bb. Lo importante es que lo hagan<\/p>\n<p>Rajoy ha pasado por alto el hecho de que quien m\u00e1s se ha demorado en entrar al debate haya sido el propio Gobierno y ha alegado que el PP \u00ablleva muchos a\u00f1os dando la batalla en Catalu\u00f1a\u00bb. Sin embargo,el mayor duelo dial\u00e9ctico, el que han protagonizado este mi\u00e9rcoles su ministro de Asuntos Exteriores, Jos\u00e9 Manuel Garc\u00eda-Margallo, y el l\u00edder de ERC, Oriol Junqueras, ni lo ha visto ni sabe c\u00f3mo ha ido, ya que se encontraba reunido con sus hom\u00f3logos europeos, ha asegurado, a pesar de que se grab\u00f3 al mediod\u00eda.<\/p>\n<div id=\"sumario_1|html\" class=\"izquierda\"><a name=\"sumario_1\"><\/a>Espero que a partir del d\u00eda 27 podamos abordar este tema con sensatez y sentido com\u00fan y que termine esta din\u00e1mica<\/div>\n<p>Al contrario que en cualquier otra cita electoral, la esperanza de Rajoy no es obtener el domingo un buen resultado para su partido en Catalu\u00f1a, sino desactivar el independentismo. \u00abEspero que a partir del d\u00eda 27 podamos abordar este tema con sensatez y sentido com\u00fan y que termine esta din\u00e1mica que lo \u00fanico que hace es generar tensi\u00f3n, crear problemas y poner en serio riesgo la recuperaci\u00f3n econ\u00f3mica\u00bb, ha concluido. Aunque el 27-S no es un refer\u00e9ndum, por una vez Rajoy no ha apelado a la ley para frenar a Mas, sino a las urnas.<\/p>\n<\/div>\n<\/div>\n","protected":false},"excerpt":{"rendered":"<p>Nunca es tarde para avisar de los riesgos de una hipot\u00e9tica independencia de Catalu\u00f1a. Frente a quienes temen que la cascada de admoniciones en la recta final de la campa\u00f1a pueda tener un efecto boomerang en el electorado, Mariano Rajoy considera que \u00abuna de las cosas m\u00e1s positivas que han pasado en las \u00faltimas fechas [&hellip;]<\/p>\n","protected":false},"author":4,"featured_media":4318,"comment_status":"open","ping_status":"open","sticky":false,"template":"","format":"standard","meta":{"footnotes":""},"categories":[85,86,43],"tags":[],"class_list":["post-25574","post","type-post","status-publish","format-standard","has-post-thumbnail","hentry","category-espana","category-europa","category-politica"],"_links":{"self":[{"href":"https:\/\/2horizontes.com\/index.php?rest_route=\/wp\/v2\/posts\/25574","targetHints":{"allow":["GET"]}}],"collection":[{"href":"https:\/\/2horizontes.com\/index.php?rest_route=\/wp\/v2\/posts"}],"about":[{"href":"https:\/\/2horizontes.com\/index.php?rest_route=\/wp\/v2\/types\/post"}],"author":[{"embeddable":true,"href":"https:\/\/2horizontes.com\/index.php?rest_route=\/wp\/v2\/users\/4"}],"replies":[{"embeddable":true,"href":"https:\/\/2horizontes.com\/index.php?rest_route=%2Fwp%2Fv2%2Fcomments&post=25574"}],"version-history":[{"count":2,"href":"https:\/\/2horizontes.com\/index.php?rest_route=\/wp\/v2\/posts\/25574\/revisions"}],"predecessor-version":[{"id":25576,"href":"https:\/\/2horizontes.com\/index.php?rest_route=\/wp\/v2\/posts\/25574\/revisions\/25576"}],"wp:featuredmedia":[{"embeddable":true,"href":"https:\/\/2horizontes.com\/index.php?rest_route=\/wp\/v2\/media\/4318"}],"wp:attachment":[{"href":"https:\/\/2horizontes.com\/index.php?rest_route=%2Fwp%2Fv2%2Fmedia&parent=25574"}],"wp:term":[{"taxonomy":"category","embeddable":true,"href":"https:\/\/2horizontes.com\/index.php?rest_route=%2Fwp%2Fv2%2Fcategories&post=25574"},{"taxonomy":"post_tag","embeddable":true,"href":"https:\/\/2horizontes.com\/index.php?rest_route=%2Fwp%2Fv2%2Ftags&post=25574"}],"curies":[{"name":"wp","href":"https:\/\/api.w.org\/{rel}","templated":true}]}}