{"id":25525,"date":"2015-09-24T10:06:27","date_gmt":"2015-09-24T09:06:27","guid":{"rendered":"http:\/\/2horizontes.com\/?p=25525"},"modified":"2015-09-24T10:06:27","modified_gmt":"2015-09-24T09:06:27","slug":"papa-elogia-respuesta-de-obispos-a-abusos-sexuales","status":"publish","type":"post","link":"https:\/\/2horizontes.com\/?p=25525","title":{"rendered":"Papa elogia respuesta de obispos a abusos sexuales"},"content":{"rendered":"<div id=\"ArticleAuthorDiv\" class=\"article-body-author\"><b>AP<\/b><\/div>\n<div id=\"ArticleSourceDiv\" class=\"article-body-author\"><b>Nueva York<\/b><\/div>\n<div id=\"ArticleBody\">\n<p>El papa Francisco elogi\u00f3 ayer a los obispos estadounidenses por su \u00abcompromiso generoso\u00bb de ayudar a las v\u00edctimas de abusos sexuales por el clero, lo que provoc\u00f3 una airada respuesta de las organizaciones de ayuda, las que dijeron que los prelados solo actuaron cuando se vieron amenazados por cientos de demandas judiciales.<\/p>\n<p>En su discurso a los obispos en la catedral de Washington, Francisco dijo que enfrentaron la crisis \u00absin miedo a la autocr\u00edtica y a costa de mortificaci\u00f3n y un gran sacrificio\u00bb.<\/p>\n<p>\u00abComprendo cu\u00e1nto pesa sobre ustedes el dolor de los a\u00f1os recientes y he apoyado su generoso compromiso para sanar a las v\u00edctimas \u2014con la certeza de que al sanar, nosotros mismos somos sanados\u2014 y para asegurar que esos cr\u00edmenes jam\u00e1s se repetir\u00e1n\u00bb, dijo el papa, quien recibi\u00f3 un fuerte aplauso de los obispos.<\/p>\n<p>Pero la Red de Sobrevivientes de los Abusados por Sacerdotes (SNAP por sus siglas en ingl\u00e9s) dijo que los obispos hicieron gala de \u00abcobard\u00eda e indiferencia\u00bb hacia las v\u00edctimas que se presentaron y que \u00abse ocultan detr\u00e1s de abogados caros y profesionales de relaciones p\u00fablicas\u00bb en lugar de afrontar la magnitud del problema en la iglesia.<\/p>\n<p>Anne Barrett Doyle, codirectora de BishopAccountability.org, una organizaci\u00f3n que recopila informes sobre curas abusivos de todo el mundo, calific\u00f3 las declaraciones del papa de \u00ablamentables y muy alejadas de la realidad\u00bb.<\/p>\n<p>La crisis estall\u00f3 en 2002 con el caso de un cura ped\u00f3filo de la arquidi\u00f3cesis de Boston y se extendi\u00f3 a todo el pa\u00eds. Las revelaciones en Boston de que sacerdotes culpables segu\u00edan ejerciendo el ministerio sin ser denunciados a los padres o a la polic\u00eda convenci\u00f3 a miles de personas a presentar sus denuncias.<\/p>\n<p>Esto dio lugar a investigaciones judiciales en varios estados y oblig\u00f3 a los obispos a tomar nota de qu\u00e9 hab\u00edan hecho las di\u00f3cesis en cada caso, remont\u00e1ndose a d\u00e9cadas atr\u00e1s.<\/p>\n<p>Bajo una enorme presi\u00f3n de la opini\u00f3n p\u00fablica, la Conferencia de Obispos Cat\u00f3licos se comprometi\u00f3 a expulsar a los cl\u00e9rigos culpables del trabajo eclesi\u00e1stico e incluso del sacerdocio, y los obispos aceptaron indemnizaciones multimillonarias a las v\u00edctimas.<\/p>\n<p>Las di\u00f3cesis instituyeron verificaciones de antecedentes y capacitaron a sacerdotes y trabajadores para identificar la conducta abusiva, as\u00ed como crear salvaguardas para los ni\u00f1os.<\/p>\n<p>Con todo, el esc\u00e1ndalo persiste. En 2011, un jurado acus\u00f3 a la arquidi\u00f3cesis de Filadelfia, entonces presidida por el cardenal Justin Rigali, de mantener en las parroquias a unas tres decenas de curas abusivos. El sucesor de Rigali, arzobispo Charles Daput, se ha esforzado por restaurar la confianza en la arquidi\u00f3cesis, que Francisco visitar\u00e1 el pr\u00f3ximo fin de semana.<\/p>\n<p>Otras tres di\u00f3cesis, Gallup, Nuevo M\u00e9xico; Milwaukee, y St. Paul y Minneapolis se declararon en bancarrota en la corte en un intento por limitar las indemnizaciones a v\u00edctimas.<\/p>\n<p>La arquidi\u00f3cesis de St. Paul y Minneapolis est\u00e1 bajo proceso acusada de no proteger a ni\u00f1os de su obispo, actualmente convicto, John Nienstedt, y uno de sus obispos auxiliares renunci\u00f3 este a\u00f1o.<\/p>\n<p>Francisco anunci\u00f3 en junio planes de crear un tribunal que conociera los casos de obispos que fallaron en su manejo de denuncias de abuso sexual pero no hay se\u00f1ales de que se forme pronto.<\/p>\n<p>Aunque el tribunal significar\u00e1 la medida de mayor importancia para llamar a cuenta a los obispos que encubrieron los abusos, Francisco tiene antecedentes de no poner demasiada atenci\u00f3n a ese problema.<\/p>\n<p>Alguna vez se quej\u00f3 de que la Iglesia cat\u00f3lica hab\u00eda sido acusada injustamente y defendi\u00f3 las medidas que ha tomado para atender el tema, lo que llev\u00f3 a las v\u00edctimas a preguntarse si realmente hab\u00eda entendido el problema<\/p>\n<p>Sus comentarios del mi\u00e9rcoles reafirmaron esa impresi\u00f3n, en especial porque en la gira del papa Benedicto XVI a Estados Unidos ese tema predomin\u00f3 y uno de los momentos m\u00e1s destacados fue la reuni\u00f3n del pont\u00edfice con las v\u00edctimas.<\/p>\n<p>Se prev\u00e9 que Francisco tambi\u00e9n se reunir\u00e1 con v\u00edctimas, aunque funcionarios de la iglesia han dicho que una reuni\u00f3n de esa \u00edndole s\u00f3lo se dar\u00e1 a conocer una vez que se haya llevado a cabo.<\/p>\n<\/div>\n","protected":false},"excerpt":{"rendered":"<p>AP Nueva York El papa Francisco elogi\u00f3 ayer a los obispos estadounidenses por su \u00abcompromiso generoso\u00bb de ayudar a las v\u00edctimas de abusos sexuales por el clero, lo que provoc\u00f3 una airada respuesta de las organizaciones de ayuda, las que dijeron que los prelados solo actuaron cuando se vieron amenazados por cientos de demandas judiciales. [&hellip;]<\/p>\n","protected":false},"author":7,"featured_media":25526,"comment_status":"open","ping_status":"open","sticky":false,"template":"","format":"standard","meta":{"footnotes":""},"categories":[40],"tags":[],"class_list":["post-25525","post","type-post","status-publish","format-standard","has-post-thumbnail","hentry","category-internacionales"],"_links":{"self":[{"href":"https:\/\/2horizontes.com\/index.php?rest_route=\/wp\/v2\/posts\/25525","targetHints":{"allow":["GET"]}}],"collection":[{"href":"https:\/\/2horizontes.com\/index.php?rest_route=\/wp\/v2\/posts"}],"about":[{"href":"https:\/\/2horizontes.com\/index.php?rest_route=\/wp\/v2\/types\/post"}],"author":[{"embeddable":true,"href":"https:\/\/2horizontes.com\/index.php?rest_route=\/wp\/v2\/users\/7"}],"replies":[{"embeddable":true,"href":"https:\/\/2horizontes.com\/index.php?rest_route=%2Fwp%2Fv2%2Fcomments&post=25525"}],"version-history":[{"count":1,"href":"https:\/\/2horizontes.com\/index.php?rest_route=\/wp\/v2\/posts\/25525\/revisions"}],"predecessor-version":[{"id":25527,"href":"https:\/\/2horizontes.com\/index.php?rest_route=\/wp\/v2\/posts\/25525\/revisions\/25527"}],"wp:featuredmedia":[{"embeddable":true,"href":"https:\/\/2horizontes.com\/index.php?rest_route=\/wp\/v2\/media\/25526"}],"wp:attachment":[{"href":"https:\/\/2horizontes.com\/index.php?rest_route=%2Fwp%2Fv2%2Fmedia&parent=25525"}],"wp:term":[{"taxonomy":"category","embeddable":true,"href":"https:\/\/2horizontes.com\/index.php?rest_route=%2Fwp%2Fv2%2Fcategories&post=25525"},{"taxonomy":"post_tag","embeddable":true,"href":"https:\/\/2horizontes.com\/index.php?rest_route=%2Fwp%2Fv2%2Ftags&post=25525"}],"curies":[{"name":"wp","href":"https:\/\/api.w.org\/{rel}","templated":true}]}}