{"id":25524,"date":"2015-09-24T10:15:27","date_gmt":"2015-09-24T09:15:27","guid":{"rendered":"http:\/\/2horizontes.com\/?p=25524"},"modified":"2015-09-24T10:16:11","modified_gmt":"2015-09-24T09:16:11","slug":"la-nina-mexicana-que-se-salto-la-seguridad-para-dar-una-carta-al-papa","status":"publish","type":"post","link":"https:\/\/2horizontes.com\/?p=25524","title":{"rendered":"La ni\u00f1a mexicana que se salt\u00f3 la seguridad para dar una carta al Papa"},"content":{"rendered":"<p class=\"story-body__introduction\">Con pelo negro recogido en dos trenzas y un colorido huipil, la peque\u00f1a Sophie Cruz se convirti\u00f3 en una de las protagonistas del primer paseo del papa Francisco en el papamovil por Estados Unidos.<\/p>\n<p>La ni\u00f1a de 5 a\u00f1os, hija de inmigrantes oaxaque\u00f1os en Estados Unidos, consigui\u00f3 saltar la valla de seguridad que separaba el paso del veh\u00edculo del Papa de la gente que esper\u00f3 durante horas en el centro de Washington D.C. y logr\u00f3 llamar la atenci\u00f3n del pont\u00edfice, que pidi\u00f3 a los agentes de seguridad que llevaran a la ni\u00f1a hasta su auto.<\/p>\n<p>Y ah\u00ed se produjo la escena que se viraliz\u00f3 a trav\u00e9s de las redes: los agentes alzan a la ni\u00f1a que recibe un abrazo y una bendici\u00f3n del Papa.<\/p>\n<figure class=\"media-landscape has-caption body-narrow-width\"><span class=\"image-and-copyright-container\"><img loading=\"lazy\" decoding=\"async\" class=\"js-image-replace alignleft\" src=\"http:\/\/ichef.bbci.co.uk\/news\/ws\/304\/amz\/worldservice\/live\/assets\/images\/2015\/09\/24\/150924015223_sp_sophie_cruz_304x171_getty_nocredit.jpg\" alt=\"\" width=\"304\" height=\"171\" \/><\/span><figcaption class=\"media-caption\"><span class=\"media-caption__text\">naci\u00f3 en EE.UU. pero es hija de jornaleros mexicanos.<\/span><\/figcaption><\/figure>\n<p>Pero ella, no contenta con el saludo, volvi\u00f3 a pedir a los agentes que la levantasen para<strong> entregarle al l\u00edder religioso una camiseta y una carta con una petici\u00f3n: que interceda ante el Congreso y el presidente Barack Obama por los inmigrantes que, como sus padres, est\u00e1n en situaci\u00f3n irregular en Estados Unidos.<\/strong><\/p>\n<p>\u00abQuiero contarte que mi coraz\u00f3n esta triste por el odio y la discriminaci\u00f3n hacia los inmigrantes de este pa\u00eds. Te pido que hables con el presidente Barack Obama y con los congresistas para que APRUEBEN LA REFORMA MIGRATORIA para los inmigrantes\u00bb, se pod\u00eda leer en la carta escrita a mano que le escribi\u00f3 Sophie al m\u00e1ximo representante de la Iglesia Cat\u00f3lica.<\/p>\n<h2 class=\"story-body__crosshead\">\u00abTengo miedo de que se lleven a mi familia\u00bb<\/h2>\n<p>\u00abEllos son buenas personas. Saben trabajar en los campos cultivando naranjas, sand\u00edas, cebollas y muchos vegetales. Por lo tanto merecen salir de la oscuridad\u00bb, escribi\u00f3 la ni\u00f1a que viaj\u00f3 con su padre y los miembros de una organizaci\u00f3n de inmigrantes a la capital de EE.UU. para ver al papa Francisco.<\/p>\n<figure class=\"media-landscape has-caption full-width\"><span class=\"image-and-copyright-container\"><img loading=\"lazy\" decoding=\"async\" class=\"js-image-replace\" src=\"http:\/\/ichef-1.bbci.co.uk\/news\/ws\/624\/amz\/worldservice\/live\/assets\/images\/2015\/09\/24\/150924021041_sp_sophie_cruz_624x351_ap_nocredit.jpg\" alt=\"\" width=\"624\" height=\"351\" \/><span class=\"off-screen\">Image copyright<\/span><span class=\"story-image-copyright\">AP<\/span><\/span><figcaption class=\"media-caption\"><span class=\"off-screen\">Image caption<\/span><span class=\"media-caption__text\">Sophie consigui\u00f3 saltar la barrera de seguridad.<\/span><\/figcaption><\/figure>\n<p>Posteriormente, en entrevista con la agencia AP, la menor confes\u00f3 que teme cada d\u00eda que deporten a sus padres.<\/p>\n<p>\u00abTengo miedo de que el ICE se lleve a mi familia\u00bb, afirm\u00f3 la ni\u00f1a en referencia a la agencia fronteriza estadounidense.<\/p>\n<p><strong>\u00abCreo que tengo derecho a vivir con mis padres, a ser feliz. Mi padre trabaja muy duro todos los d\u00edas en una f\u00e1brica de metal. Todos los inmigrantes como mi padre se merecen vivir con dignidad, con respeto y se merecen una reforma migratoria\u00bb<\/strong>, sostuvo la ni\u00f1a en la entrevista.<\/p>\n<figure class=\"media-landscape has-caption body-narrow-width\"><span class=\"image-and-copyright-container\"><img loading=\"lazy\" decoding=\"async\" class=\"js-image-replace\" src=\"http:\/\/ichef.bbci.co.uk\/news\/ws\/304\/amz\/worldservice\/live\/assets\/images\/2015\/09\/24\/150924015444_sp_sophie_cruz_304x171_getty_nocredit.jpg\" alt=\"\" width=\"304\" height=\"171\" \/><span class=\"off-screen\">Image copyright<\/span><span class=\"story-image-copyright\">Getty<\/span><\/span><figcaption class=\"media-caption\"><span class=\"off-screen\">Image caption<\/span><span class=\"media-caption__text\">Para el padre de Sophie, \u00abfue un milagro\u00bb que el Papa se parara y saludara a su hija.<\/span><\/figcaption><\/figure>\n<p>Por su parte, el padre de Sophie, Raul, que lleva diez a\u00f1os viviendo en EE.UU., calific\u00f3 la jornada de este mi\u00e9rcoles de extraordinaria:<\/p>\n<p>\u00abFue un milagro que el Papa mirara a mi ni\u00f1a y que la eligiera para darle su bendici\u00f3n\u00bb, dijo.<\/p>\n<p>Pero Sophie no fue la \u00fanica ni\u00f1a hispana que recibi\u00f3 la bendici\u00f3n papal. En otro momento de su viaje en el papamovil, el pont\u00edfice tom\u00f3 en brazos a un ni\u00f1o de cinco meses, hijo de inmigrantes salvadore\u00f1os, y le dio un beso en la cabeza.<\/p>\n<p>Adem\u00e1s, el Papa hizo referencia a la inmigraci\u00f3n en su visita a la Casa Blanca y record\u00f3 que \u00e9l mismo es hijo de una familia italiana inmigrante en Argentina.<\/p>\n<p>\u00abEstoy feliz de ser un invitado en este pa\u00eds, que fue en gran parte construido por familias parecidas\u00bb, sostuvo.<\/p>\n","protected":false},"excerpt":{"rendered":"<p>Con pelo negro recogido en dos trenzas y un colorido huipil, la peque\u00f1a Sophie Cruz se convirti\u00f3 en una de las protagonistas del primer paseo del papa Francisco en el papamovil por Estados Unidos. La ni\u00f1a de 5 a\u00f1os, hija de inmigrantes oaxaque\u00f1os en Estados Unidos, consigui\u00f3 saltar la valla de seguridad que separaba el [&hellip;]<\/p>\n","protected":false},"author":4,"featured_media":25532,"comment_status":"open","ping_status":"open","sticky":false,"template":"","format":"standard","meta":{"footnotes":""},"categories":[62,54,40,56],"tags":[],"class_list":["post-25524","post","type-post","status-publish","format-standard","has-post-thumbnail","hentry","category-cultura","category-emigrantes","category-internacionales","category-notas-luctuosas"],"_links":{"self":[{"href":"https:\/\/2horizontes.com\/index.php?rest_route=\/wp\/v2\/posts\/25524","targetHints":{"allow":["GET"]}}],"collection":[{"href":"https:\/\/2horizontes.com\/index.php?rest_route=\/wp\/v2\/posts"}],"about":[{"href":"https:\/\/2horizontes.com\/index.php?rest_route=\/wp\/v2\/types\/post"}],"author":[{"embeddable":true,"href":"https:\/\/2horizontes.com\/index.php?rest_route=\/wp\/v2\/users\/4"}],"replies":[{"embeddable":true,"href":"https:\/\/2horizontes.com\/index.php?rest_route=%2Fwp%2Fv2%2Fcomments&post=25524"}],"version-history":[{"count":2,"href":"https:\/\/2horizontes.com\/index.php?rest_route=\/wp\/v2\/posts\/25524\/revisions"}],"predecessor-version":[{"id":25534,"href":"https:\/\/2horizontes.com\/index.php?rest_route=\/wp\/v2\/posts\/25524\/revisions\/25534"}],"wp:featuredmedia":[{"embeddable":true,"href":"https:\/\/2horizontes.com\/index.php?rest_route=\/wp\/v2\/media\/25532"}],"wp:attachment":[{"href":"https:\/\/2horizontes.com\/index.php?rest_route=%2Fwp%2Fv2%2Fmedia&parent=25524"}],"wp:term":[{"taxonomy":"category","embeddable":true,"href":"https:\/\/2horizontes.com\/index.php?rest_route=%2Fwp%2Fv2%2Fcategories&post=25524"},{"taxonomy":"post_tag","embeddable":true,"href":"https:\/\/2horizontes.com\/index.php?rest_route=%2Fwp%2Fv2%2Ftags&post=25524"}],"curies":[{"name":"wp","href":"https:\/\/api.w.org\/{rel}","templated":true}]}}