{"id":25414,"date":"2015-09-23T10:50:21","date_gmt":"2015-09-23T09:50:21","guid":{"rendered":"http:\/\/2horizontes.com\/?p=25414"},"modified":"2015-09-23T10:51:22","modified_gmt":"2015-09-23T09:51:22","slug":"shakira-y-unicef-piden-al-mundo-mas-inversion-para-los-ninos-menores-de-8-anos","status":"publish","type":"post","link":"https:\/\/2horizontes.com\/?p=25414","title":{"rendered":"SHAKIRA Y UNICEF PIDEN AL MUNDO M\u00c1S INVERSI\u00d3N PARA LOS NI\u00d1OS MENORES DE 8 A\u00d1OS"},"content":{"rendered":"<p>La cantante Shakira, que es Embajadora de Buena Voluntad de Unicef (Fondo de las Naciones Unidas para la Infancia), inst\u00f3 este martes a los l\u00edderes mundiales que aumenten la inversi\u00f3n en el desarrollo de la primera infancia, bas\u00e1ndose en las nuevas teor\u00edas cient\u00edficas sobre los efectos duraderos de la privaci\u00f3n y el estr\u00e9s en el cerebro de los ni\u00f1os durante su desarrollo.<\/p>\n<p>Shakira particip\u00f3 hoy en un acto privado en la sede de la ONU en Nueva York junto al director ejecutivo de Unicef, Anthony Lake, el secretario general de la ONU, Ban Ki-moon, el director del Centro para el Desarrollo del Ni\u00f1o de la Universidad de Harvard, Jack P. Shonkoff, y dirigentes empresariales.<\/p>\n<p>El acto se celebr\u00f3 en la v\u00edspera del anuncio esta semana de los nuevos Objetivos de Desarrollo Sostenible, que oficialmente incluyen el desarrollo en la primera infancia como parte de la agenda internacional entre 2015 y 2030.<\/p>\n<p>La primera infancia es el periodo que transcurre desde el nacimiento hasta los ocho a\u00f1os, cuando el cerebro y el cuerpo del ni\u00f1o crecen m\u00e1s r\u00e1pidamente.<\/p>\n<p>Durante el primer a\u00f1o de vida se conectan casi 1.000 neuronas por segundo, creando as\u00ed los cimientos de la vida del menor y configurando su desarrollo cognitivo, emocional y social.<br \/>\n\u0093<\/p>\n<p>M\u00e1s de 100 millones de ni\u00f1os no est\u00e1n escolarizados y 159 millones ni\u00f1os y ni\u00f1as menores de cinco a\u00f1os se encuentran f\u00edsica y cognitivamente retrasados en su desarrollo debido a la falta de atenci\u00f3n y de una nutrici\u00f3n adecuada.<\/p>\n<p>Cada a\u00f1o que pasa sin que hagamos una inversi\u00f3n importante en el desarrollo de la primera infancia y en iniciativas que aborden estos temas, millones de ni\u00f1os nacer\u00e1n atrapados en el mismo ciclo de pobreza y falta de oportunidades\u0094, dijo Shakira.<\/p>\n<p>La artista colombiana a\u00f1adi\u00f3 que \u0093Unicef y yo hemos unido nuestras fuerzas y estamos aqu\u00ed hoy porque invertir temprano en los ni\u00f1os es una cuesti\u00f3n urgente y no hay un instante que perder\u0094.<\/p>\n<p>FACTORES DEL ENTORNO, NO S\u00d3LO GEN\u00c9TICOS<\/p>\n<p>Unicef explic\u00f3 que el desarrollo cerebral es m\u00e1s intenso durante la primera infancia, ya que las casi 1.000 conexiones neuronales por segundo forman la base de la salud y el bienestar del ni\u00f1o, incluyendo su capacidad permanente de aprender, de adaptarse a los cambios y de hacer frente a la adversidad.<\/p>\n","protected":false},"excerpt":{"rendered":"<p>La cantante Shakira, que es Embajadora de Buena Voluntad de Unicef (Fondo de las Naciones Unidas para la Infancia), inst\u00f3 este martes a los l\u00edderes mundiales que aumenten la inversi\u00f3n en el desarrollo de la primera infancia, bas\u00e1ndose en las nuevas teor\u00edas cient\u00edficas sobre los efectos duraderos de la privaci\u00f3n y el estr\u00e9s en el [&hellip;]<\/p>\n","protected":false},"author":3,"featured_media":25416,"comment_status":"open","ping_status":"open","sticky":false,"template":"","format":"standard","meta":{"footnotes":""},"categories":[1,40],"tags":[],"class_list":["post-25414","post","type-post","status-publish","format-standard","has-post-thumbnail","hentry","category-entretenimiento","category-internacionales"],"_links":{"self":[{"href":"https:\/\/2horizontes.com\/index.php?rest_route=\/wp\/v2\/posts\/25414","targetHints":{"allow":["GET"]}}],"collection":[{"href":"https:\/\/2horizontes.com\/index.php?rest_route=\/wp\/v2\/posts"}],"about":[{"href":"https:\/\/2horizontes.com\/index.php?rest_route=\/wp\/v2\/types\/post"}],"author":[{"embeddable":true,"href":"https:\/\/2horizontes.com\/index.php?rest_route=\/wp\/v2\/users\/3"}],"replies":[{"embeddable":true,"href":"https:\/\/2horizontes.com\/index.php?rest_route=%2Fwp%2Fv2%2Fcomments&post=25414"}],"version-history":[{"count":1,"href":"https:\/\/2horizontes.com\/index.php?rest_route=\/wp\/v2\/posts\/25414\/revisions"}],"predecessor-version":[{"id":25417,"href":"https:\/\/2horizontes.com\/index.php?rest_route=\/wp\/v2\/posts\/25414\/revisions\/25417"}],"wp:featuredmedia":[{"embeddable":true,"href":"https:\/\/2horizontes.com\/index.php?rest_route=\/wp\/v2\/media\/25416"}],"wp:attachment":[{"href":"https:\/\/2horizontes.com\/index.php?rest_route=%2Fwp%2Fv2%2Fmedia&parent=25414"}],"wp:term":[{"taxonomy":"category","embeddable":true,"href":"https:\/\/2horizontes.com\/index.php?rest_route=%2Fwp%2Fv2%2Fcategories&post=25414"},{"taxonomy":"post_tag","embeddable":true,"href":"https:\/\/2horizontes.com\/index.php?rest_route=%2Fwp%2Fv2%2Ftags&post=25414"}],"curies":[{"name":"wp","href":"https:\/\/api.w.org\/{rel}","templated":true}]}}