{"id":25369,"date":"2015-09-23T10:09:01","date_gmt":"2015-09-23T09:09:01","guid":{"rendered":"http:\/\/2horizontes.com\/?p=25369"},"modified":"2015-09-23T10:09:01","modified_gmt":"2015-09-23T09:09:01","slug":"tras-ser-destituido-regresa-el-jefe-de-estado-a-uagadugu","status":"publish","type":"post","link":"https:\/\/2horizontes.com\/?p=25369","title":{"rendered":"Tras ser destituido regresa el jefe de Estado a Uagadug\u00fa"},"content":{"rendered":"<div id=\"ArticleAuthorDiv\" class=\"article-body-author\"><b>AP<\/b><\/div>\n<div id=\"ArticleSourceDiv\" class=\"article-body-author\"><b>Uagadug\u00fa<\/b><\/div>\n<div id=\"ArticleBody\">\n<p>El presidente burkin\u00e9s Michel Kafando, destituido por militares golpistas el 17 de septiembre, volver\u00e1 al cargo hoy mi\u00e9rcoles, afirm\u00f3 ayer martes el general golpista Gilbert Diend\u00e9r\u00e9.<\/p>\n<p>\u201cLos jefes de Estado [de la Comunidad Econ\u00f3mica de Estados de \u00c1frica Occidental] llegar\u00e1n ma\u00f1ana [a Uagadug\u00fa] para su regreso al cargo. Te\u00f3ricamente, yo los acoger\u00e9 ma\u00f1ana [en el aeropuerto] y Kafando los acompa\u00f1ar\u00e1 despu\u00e9s\u201d, afirm\u00f3 Diend\u00e9r\u00e9, jefe del Regimiento de Seguridad Presidencial (RSP), responsable del golpe de Estado.<\/p>\n<p>Adem\u00e1s, los golpistas en Burkina Faso liberaron ayer al primer ministro interino, Isaac Zida, poco despu\u00e9s de que el ej\u00e9rcito entrara en la capital, Uagadug\u00fa, para negociar la rendici\u00f3n de los responsables del golpe. Zida, personalidad clave de la transici\u00f3n, abandon\u00f3 el palacio presidencial de Uagadug\u00fa, donde estaba detenido por sus ex compa\u00f1eros.<\/p>\n<\/div>\n","protected":false},"excerpt":{"rendered":"<p>AP Uagadug\u00fa El presidente burkin\u00e9s Michel Kafando, destituido por militares golpistas el 17 de septiembre, volver\u00e1 al cargo hoy mi\u00e9rcoles, afirm\u00f3 ayer martes el general golpista Gilbert Diend\u00e9r\u00e9. \u201cLos jefes de Estado [de la Comunidad Econ\u00f3mica de Estados de \u00c1frica Occidental] llegar\u00e1n ma\u00f1ana [a Uagadug\u00fa] para su regreso al cargo. Te\u00f3ricamente, yo los acoger\u00e9 ma\u00f1ana [&hellip;]<\/p>\n","protected":false},"author":7,"featured_media":25370,"comment_status":"open","ping_status":"open","sticky":false,"template":"","format":"standard","meta":{"footnotes":""},"categories":[51,40,43],"tags":[],"class_list":["post-25369","post","type-post","status-publish","format-standard","has-post-thumbnail","hentry","category-africa","category-internacionales","category-politica"],"_links":{"self":[{"href":"https:\/\/2horizontes.com\/index.php?rest_route=\/wp\/v2\/posts\/25369","targetHints":{"allow":["GET"]}}],"collection":[{"href":"https:\/\/2horizontes.com\/index.php?rest_route=\/wp\/v2\/posts"}],"about":[{"href":"https:\/\/2horizontes.com\/index.php?rest_route=\/wp\/v2\/types\/post"}],"author":[{"embeddable":true,"href":"https:\/\/2horizontes.com\/index.php?rest_route=\/wp\/v2\/users\/7"}],"replies":[{"embeddable":true,"href":"https:\/\/2horizontes.com\/index.php?rest_route=%2Fwp%2Fv2%2Fcomments&post=25369"}],"version-history":[{"count":1,"href":"https:\/\/2horizontes.com\/index.php?rest_route=\/wp\/v2\/posts\/25369\/revisions"}],"predecessor-version":[{"id":25371,"href":"https:\/\/2horizontes.com\/index.php?rest_route=\/wp\/v2\/posts\/25369\/revisions\/25371"}],"wp:featuredmedia":[{"embeddable":true,"href":"https:\/\/2horizontes.com\/index.php?rest_route=\/wp\/v2\/media\/25370"}],"wp:attachment":[{"href":"https:\/\/2horizontes.com\/index.php?rest_route=%2Fwp%2Fv2%2Fmedia&parent=25369"}],"wp:term":[{"taxonomy":"category","embeddable":true,"href":"https:\/\/2horizontes.com\/index.php?rest_route=%2Fwp%2Fv2%2Fcategories&post=25369"},{"taxonomy":"post_tag","embeddable":true,"href":"https:\/\/2horizontes.com\/index.php?rest_route=%2Fwp%2Fv2%2Ftags&post=25369"}],"curies":[{"name":"wp","href":"https:\/\/api.w.org\/{rel}","templated":true}]}}