{"id":25361,"date":"2015-09-23T09:55:09","date_gmt":"2015-09-23T08:55:09","guid":{"rendered":"http:\/\/2horizontes.com\/?p=25361"},"modified":"2015-09-23T09:55:09","modified_gmt":"2015-09-23T08:55:09","slug":"papa-francisco-ya-llego-a-ee-uu","status":"publish","type":"post","link":"https:\/\/2horizontes.com\/?p=25361","title":{"rendered":"Papa Francisco ya lleg\u00f3 a EE.UU."},"content":{"rendered":"<div id=\"ArticleAuthorDiv\" class=\"article-body-author\"><b>AFP<\/b><\/div>\n<div id=\"ArticleSourceDiv\" class=\"article-body-author\"><b>Washington<\/b><\/div>\n<div id=\"ArticleBody\">\n<p>El papa Francisco lleg\u00f3 ayer martes a Washington proveniente de La Habana, en el inicio de una visita de seis d\u00edas a Estados Unidos como portador de un discurso que despierta enorme expectativa entre cat\u00f3licos pero abiertas cr\u00edticas entre los sectores m\u00e1s conservadores.<\/p>\n<p>En la base a\u00e9rea Andrews, en la periferia de la capital estadounidense, el sumo pont\u00edfice de 78 a\u00f1os fue recibido por el presidente Barack Obama, su esposa, Michelle, sus dos hijas y numerosos obispos, incluyendo el cardenal Donald Wuerl, de la arquidi\u00f3cesis de Washington.<\/p>\n<p>Se trata de la primera visita de Francisco a Estados Unidos. El \u00faltimo Papa en viajar al pa\u00eds fue Benedicto XVI en 2008. Paulo VI fue el primer pont\u00edfice en pisar suelo estadounidense, en 1965, y Juan Paulo II tiene el r\u00e9cord, con siete visitas.<\/p>\n<p>El primer compromiso oficial de Francisco en Washington ser\u00e1 una visita a Obama en la Casa Blanca, en la ma\u00f1ana de hoy mi\u00e9rcoles. Unas 20,000 personas son esperadas en los jardines de la sede presidencial, donde Francisco deber\u00e1 pronunciar un discurso en ingl\u00e9s.<\/p>\n<p>El Papa mantendr\u00e1 seguidamente una reuni\u00f3n con unos 300 obispos en la catedral de San Mateo y en la tarde oficiar\u00e1 una misa en la Bas\u00edlica del Santuario Nacional de la Inmaculada Concepci\u00f3n, el mayor templo cat\u00f3lico en Estados Unidos.<\/p>\n<p>En esa misa, que oficiar\u00e1 en espa\u00f1ol, Francisco canonizar\u00e1 al beato Jun\u00edpero Serra, un franciscano mallorqu\u00edn que en la segunda mitad del siglo XVIII fund\u00f3 diversas misiones religiosas en la regi\u00f3n que actualmente constituye el estado de California.<\/p>\n<p><strong>No pocos cuestionamientos\u00a0 <\/strong><br \/>\nFrancisco pronunciar\u00e1 ma\u00f1ana jueves un esperado discurso ante las dos c\u00e1maras del Congreso estadounidense, donde adem\u00e1s deber\u00e1 usar un balc\u00f3n para saludar a una multitud que se estima podr\u00eda superar las 50,000 personas.<\/p>\n<p>En el vuelo hacia Washington Francisco adelant\u00f3 a periodistas que en su discurso ante el Congreso no har\u00eda referencias al embargo estadounidense a Cuba. Adoptado hace medio siglo, el embargo est\u00e1 codificado en ley y s\u00f3lo puede ser derogado por el Congreso.<\/p>\n<p>Francisco finalmente se reunir\u00e1 con representantes de grupos cat\u00f3licos de caridad, antes de trasladarse a Nueva York.<\/p>\n<p>Los medios estadounidenses, con fuerte presencia en el avi\u00f3n papal, le han otorgado amplios espacios al viaje, apoyado por el 66% de los estadounidenses. Pero sus llamados a favor de los pobres, en contra del capitalismo salvaje y para combatir el cambio clim\u00e1tico, tambi\u00e9n le han valido fuertes cr\u00edticas entre los conservadores, los medios econ\u00f3micos liberales, desde Wall Street hasta el ultraconservador Tea Party, y en filas republicanas.<\/p>\n<p>El hecho de que llegue proveniente de Cuba, irrita a\u00fan m\u00e1s a quienes tildan a este papa de marxista disfrazado o de traidor a la fe cat\u00f3lica, demasiado flexible con la doctrina.<\/p>\n<p>Los temas que se espera aborde el primer papa latinoamericano en Estados Unidos, especialmente ma\u00f1ana jueves ante el Congreso y el viernes en las Naciones Unidas, son altamente explosivos. Entre estos figuran la protecci\u00f3n y recepci\u00f3n de los inmigrantes; la defensa del medio ambiente, con un firme alegato a favor de una revoluci\u00f3n energ\u00e9tica radical y una desaceleraci\u00f3n econ\u00f3mica, seg\u00fan fuentes vaticanas. Tampoco faltar\u00e1n cr\u00edticas a la \u201cdictadura\u201d de la tecnolog\u00eda y las finanzas, as\u00ed como la denuncia de la responsabilidad de los vendedores de armas y las grandes potencias en la \u201ctercera guerra mundial en cuotas\u201d en curso, que denuncia sin cesar.<\/p>\n<p><strong>REVOLUCI\u00d3N DE TERNURA EN LA DESPEDIDA<\/strong><br \/>\nEl papa Francisco llam\u00f3 ayer martes a los cubanos a vivir una \u201crevoluci\u00f3n\u201d de ternura y de ayuda a los dem\u00e1s, en uno de sus \u00faltimos mensajes previa a su salida de un pa\u00eds en el que ha hecho algunas cr\u00edticas sutiles a un sistema instaurado hace m\u00e1s de cinco d\u00e9cadas. Por la ma\u00f1ana, en la homil\u00eda, el papa llam\u00f3 a la iglesia en Cuba a apoyar a todos y le pidi\u00f3 \u201cque sepa acompa\u00f1ar todas las situaciones embarazosas de nuestra gente&#8230; no borr\u00e1ndonos sino caminando con nuestros<\/p>\n<\/div>\n","protected":false},"excerpt":{"rendered":"<p>AFP Washington El papa Francisco lleg\u00f3 ayer martes a Washington proveniente de La Habana, en el inicio de una visita de seis d\u00edas a Estados Unidos como portador de un discurso que despierta enorme expectativa entre cat\u00f3licos pero abiertas cr\u00edticas entre los sectores m\u00e1s conservadores. En la base a\u00e9rea Andrews, en la periferia de la [&hellip;]<\/p>\n","protected":false},"author":7,"featured_media":25362,"comment_status":"open","ping_status":"open","sticky":false,"template":"","format":"standard","meta":{"footnotes":""},"categories":[40],"tags":[],"class_list":["post-25361","post","type-post","status-publish","format-standard","has-post-thumbnail","hentry","category-internacionales"],"_links":{"self":[{"href":"https:\/\/2horizontes.com\/index.php?rest_route=\/wp\/v2\/posts\/25361","targetHints":{"allow":["GET"]}}],"collection":[{"href":"https:\/\/2horizontes.com\/index.php?rest_route=\/wp\/v2\/posts"}],"about":[{"href":"https:\/\/2horizontes.com\/index.php?rest_route=\/wp\/v2\/types\/post"}],"author":[{"embeddable":true,"href":"https:\/\/2horizontes.com\/index.php?rest_route=\/wp\/v2\/users\/7"}],"replies":[{"embeddable":true,"href":"https:\/\/2horizontes.com\/index.php?rest_route=%2Fwp%2Fv2%2Fcomments&post=25361"}],"version-history":[{"count":1,"href":"https:\/\/2horizontes.com\/index.php?rest_route=\/wp\/v2\/posts\/25361\/revisions"}],"predecessor-version":[{"id":25363,"href":"https:\/\/2horizontes.com\/index.php?rest_route=\/wp\/v2\/posts\/25361\/revisions\/25363"}],"wp:featuredmedia":[{"embeddable":true,"href":"https:\/\/2horizontes.com\/index.php?rest_route=\/wp\/v2\/media\/25362"}],"wp:attachment":[{"href":"https:\/\/2horizontes.com\/index.php?rest_route=%2Fwp%2Fv2%2Fmedia&parent=25361"}],"wp:term":[{"taxonomy":"category","embeddable":true,"href":"https:\/\/2horizontes.com\/index.php?rest_route=%2Fwp%2Fv2%2Fcategories&post=25361"},{"taxonomy":"post_tag","embeddable":true,"href":"https:\/\/2horizontes.com\/index.php?rest_route=%2Fwp%2Fv2%2Ftags&post=25361"}],"curies":[{"name":"wp","href":"https:\/\/api.w.org\/{rel}","templated":true}]}}