{"id":25347,"date":"2015-09-22T23:15:15","date_gmt":"2015-09-22T22:15:15","guid":{"rendered":"http:\/\/2horizontes.com\/?p=25347"},"modified":"2015-09-22T23:15:15","modified_gmt":"2015-09-22T22:15:15","slug":"espana-acusan-de-secuestro-a-3-dominicanos","status":"publish","type":"post","link":"https:\/\/2horizontes.com\/?p=25347","title":{"rendered":"ESPA\u00d1A: Acusan de secuestro a 3 dominicanos"},"content":{"rendered":"<p>SANTIAGO DE COMPOSTELA.- La Polic\u00eda detuvo a tres dominicanos acusados de haber secuestrado a dos hombres en junio en una vivienda en la Avenida de Lugo.<\/p>\n<p>Los hechos que motivaron las investigaciones ocurrieron el pasado 16 de junio, cuando un ciudadano alert\u00f3 al 091 de que en un balc\u00f3n de la Avenida de Lugo se encontraban dos hombres maniatados a la espalda y con los ojos vendados pidiendo auxilio.<\/p>\n<p>Los agentes desplazados, tras acceder a la vivienda, lograron liberarles. Ambos hab\u00edan sido atados fuertemente con bridas en pies y manos, uno de ellos adem\u00e1s presentaba un fuerte golpe en la cabeza y varios hematomas, seg\u00fan ha recordado la Polic\u00eda.<\/p>\n<p>Los investigadores, tras analizar lo sucedido, iniciaron gestiones para determinar las circunstancias y el m\u00f3vil de lo que desde un primer momento apuntaba ser un \u201csecuestro expr\u00e9s\u201d.<\/p>\n<p>Finalmente se logr\u00f3 determinar que lo ocurrido se trat\u00f3 en realidad de lo que en el argot policial se conoce como un \u201cvuelco\u201d que no sali\u00f3 seg\u00fan lo previsto, seg\u00fan han se\u00f1alado las mismas fuentes policiales.<\/p>\n<p>Dar un \u201cvuelco\u201d, seg\u00fan aclara la Polic\u00eda, significa robar la droga, es decir que \u201clas v\u00edctimas habr\u00edan quedado con los que fueron sus captores para realizar una venta de droga, en este caso se presume que hach\u00eds, pero que en lugar de una transacci\u00f3n lo que se produce es el secuestro expr\u00e9s\u201d de los vendedores, que normalmente se prolonga el tiempo que los captores tardan en colocar la mercanc\u00eda robada.<\/p>\n<p>VIDA NORMAL<\/p>\n<p>Finalmente, las investigaciones concluyeron con la detenci\u00f3n y puesta a disposici\u00f3n judicial de los tres presuntos autores. \u201cLa materializaci\u00f3n de las mismas fue compleja en tanto que los tres compinches se hab\u00edan separado y llevaban una vida aparentemente normal\u201d, indica la Polic\u00eda.<\/p>\n<p>Las mismas fuentes han apuntado que uno de ellos se hab\u00eda trasladado a la localidad coru\u00f1esa de Ribeira, en la que finalmente fue detenido en el mes de julio, mientras que los otros dos arrestos se efectuaron en la capital gallega, la primera a mediados de agosto y la del \u00faltimo implicado el pasado 8 de septiembre.<\/p>\n<p>La Polic\u00eda cree que estos tres hombres, de entre 21 y 39 a\u00f1os y de nacionalidad dominicana, de los que dos ya contaban con antecedentes, pueden haber realizado alg\u00fan otro hecho similar, por lo que contin\u00faan las investigaciones.<\/p>\n<p>En los registros efectuados tras las detenciones no se ha podido localizar \u201cni la droga supuestamente sustra\u00edda ni tampoco gran cantidad de dinero\u201d, precisa la Polic\u00eda. Tampoco se ha localizado el arma de fuego que supuestamente utilizaron para intimidar a sus v\u00edctimas, han a\u00f1adido las mismas fuentes policiales.<\/p>\n<p>Los detenidos han pasado a disposici\u00f3n del Juzgado de Instrucci\u00f3n n\u00famero 3 de Santiago que instruye la causa, que ha decretado el ingreso en prisi\u00f3n provisional para dos de ellos, mientras que otro ha quedado en libertad con cargos.<\/p>\n","protected":false},"excerpt":{"rendered":"<p>SANTIAGO DE COMPOSTELA.- La Polic\u00eda detuvo a tres dominicanos acusados de haber secuestrado a dos hombres en junio en una vivienda en la Avenida de Lugo. Los hechos que motivaron las investigaciones ocurrieron el pasado 16 de junio, cuando un ciudadano alert\u00f3 al 091 de que en un balc\u00f3n de la Avenida de Lugo se [&hellip;]<\/p>\n","protected":false},"author":8,"featured_media":25348,"comment_status":"open","ping_status":"open","sticky":false,"template":"","format":"standard","meta":{"footnotes":""},"categories":[54,85],"tags":[],"class_list":["post-25347","post","type-post","status-publish","format-standard","has-post-thumbnail","hentry","category-emigrantes","category-espana"],"_links":{"self":[{"href":"https:\/\/2horizontes.com\/index.php?rest_route=\/wp\/v2\/posts\/25347","targetHints":{"allow":["GET"]}}],"collection":[{"href":"https:\/\/2horizontes.com\/index.php?rest_route=\/wp\/v2\/posts"}],"about":[{"href":"https:\/\/2horizontes.com\/index.php?rest_route=\/wp\/v2\/types\/post"}],"author":[{"embeddable":true,"href":"https:\/\/2horizontes.com\/index.php?rest_route=\/wp\/v2\/users\/8"}],"replies":[{"embeddable":true,"href":"https:\/\/2horizontes.com\/index.php?rest_route=%2Fwp%2Fv2%2Fcomments&post=25347"}],"version-history":[{"count":1,"href":"https:\/\/2horizontes.com\/index.php?rest_route=\/wp\/v2\/posts\/25347\/revisions"}],"predecessor-version":[{"id":25349,"href":"https:\/\/2horizontes.com\/index.php?rest_route=\/wp\/v2\/posts\/25347\/revisions\/25349"}],"wp:featuredmedia":[{"embeddable":true,"href":"https:\/\/2horizontes.com\/index.php?rest_route=\/wp\/v2\/media\/25348"}],"wp:attachment":[{"href":"https:\/\/2horizontes.com\/index.php?rest_route=%2Fwp%2Fv2%2Fmedia&parent=25347"}],"wp:term":[{"taxonomy":"category","embeddable":true,"href":"https:\/\/2horizontes.com\/index.php?rest_route=%2Fwp%2Fv2%2Fcategories&post=25347"},{"taxonomy":"post_tag","embeddable":true,"href":"https:\/\/2horizontes.com\/index.php?rest_route=%2Fwp%2Fv2%2Ftags&post=25347"}],"curies":[{"name":"wp","href":"https:\/\/api.w.org\/{rel}","templated":true}]}}