{"id":25247,"date":"2015-09-22T17:29:48","date_gmt":"2015-09-22T16:29:48","guid":{"rendered":"http:\/\/2horizontes.com\/?p=25247"},"modified":"2015-09-22T17:29:48","modified_gmt":"2015-09-22T16:29:48","slug":"apresan-un-anciano-de-74-anos-como-sospechoso-por-el-asesinato-de-un-nino-en-capotillo","status":"publish","type":"post","link":"https:\/\/2horizontes.com\/?p=25247","title":{"rendered":"Apresan un anciano de 74 a\u00f1os como sospechoso por el asesinato de un ni\u00f1o en Capotillo"},"content":{"rendered":"<p>RD- SANTO DOMINGO-Un hombre fue apresado, para fines de investigaci\u00f3n, por la muerte del ni\u00f1o Rams\u00e9s Alexander Basora Valdez, de 4 a\u00f1os, cuyo cad\u00e1ver fue encontrado en el patio de una vivienda en el sector Capotillo, de esta capital, con un alambre telef\u00f3nico amarrado en el cuello.<\/p>\n<p>Seg\u00fan inform\u00f3 la Polic\u00eda, se trata de Claudio Fern\u00e1ndez Hern\u00e1ndez (M\u00e9xico), de 74 a\u00f1os de edad, quien fue capturado en el sector antes citado, en atenci\u00f3n a la orden de arresto 0312-2015.<\/p>\n<p>La Polic\u00eda explic\u00f3 que dos ni\u00f1os, de cuyas identidades se hace reserva, manifestaron que el d\u00eda en que apareci\u00f3 muerto el menor Basora Valdez vieron cuando Fern\u00e1ndez Hern\u00e1ndez lo agarr\u00f3 y amenaz\u00f3 con matarlo.<\/p>\n<p>El ni\u00f1o Basora Valdez sali\u00f3 de su casa, donde resid\u00eda con su abuela y su pap\u00e1, alrededor de las 4:00 de la tarde y, luego de casi cinco horas de b\u00fasqueda, fue encontrado ahorcado.<\/p>\n<p>Como resultado de las pesquisas fue detenido Fern\u00e1ndez Hern\u00e1ndez, por lo que, en las pr\u00f3ximas horas, ser\u00e1 puesto a disposici\u00f3n de la justicia, v\u00eda el ministerio p\u00fablico.<\/p>\n<p>La polic\u00eda no especific\u00f3 cu\u00e1l ser\u00eda la motivaci\u00f3n del anciano para matar al ni\u00f1o.<\/p>\n","protected":false},"excerpt":{"rendered":"<p>RD- SANTO DOMINGO-Un hombre fue apresado, para fines de investigaci\u00f3n, por la muerte del ni\u00f1o Rams\u00e9s Alexander Basora Valdez, de 4 a\u00f1os, cuyo cad\u00e1ver fue encontrado en el patio de una vivienda en el sector Capotillo, de esta capital, con un alambre telef\u00f3nico amarrado en el cuello. Seg\u00fan inform\u00f3 la Polic\u00eda, se trata de Claudio [&hellip;]<\/p>\n","protected":false},"author":8,"featured_media":25248,"comment_status":"open","ping_status":"open","sticky":false,"template":"","format":"standard","meta":{"footnotes":""},"categories":[44],"tags":[],"class_list":["post-25247","post","type-post","status-publish","format-standard","has-post-thumbnail","hentry","category-republica-dominicana"],"_links":{"self":[{"href":"https:\/\/2horizontes.com\/index.php?rest_route=\/wp\/v2\/posts\/25247","targetHints":{"allow":["GET"]}}],"collection":[{"href":"https:\/\/2horizontes.com\/index.php?rest_route=\/wp\/v2\/posts"}],"about":[{"href":"https:\/\/2horizontes.com\/index.php?rest_route=\/wp\/v2\/types\/post"}],"author":[{"embeddable":true,"href":"https:\/\/2horizontes.com\/index.php?rest_route=\/wp\/v2\/users\/8"}],"replies":[{"embeddable":true,"href":"https:\/\/2horizontes.com\/index.php?rest_route=%2Fwp%2Fv2%2Fcomments&post=25247"}],"version-history":[{"count":1,"href":"https:\/\/2horizontes.com\/index.php?rest_route=\/wp\/v2\/posts\/25247\/revisions"}],"predecessor-version":[{"id":25249,"href":"https:\/\/2horizontes.com\/index.php?rest_route=\/wp\/v2\/posts\/25247\/revisions\/25249"}],"wp:featuredmedia":[{"embeddable":true,"href":"https:\/\/2horizontes.com\/index.php?rest_route=\/wp\/v2\/media\/25248"}],"wp:attachment":[{"href":"https:\/\/2horizontes.com\/index.php?rest_route=%2Fwp%2Fv2%2Fmedia&parent=25247"}],"wp:term":[{"taxonomy":"category","embeddable":true,"href":"https:\/\/2horizontes.com\/index.php?rest_route=%2Fwp%2Fv2%2Fcategories&post=25247"},{"taxonomy":"post_tag","embeddable":true,"href":"https:\/\/2horizontes.com\/index.php?rest_route=%2Fwp%2Fv2%2Ftags&post=25247"}],"curies":[{"name":"wp","href":"https:\/\/api.w.org\/{rel}","templated":true}]}}