{"id":25224,"date":"2015-09-22T16:23:06","date_gmt":"2015-09-22T15:23:06","guid":{"rendered":"http:\/\/2horizontes.com\/?p=25224"},"modified":"2015-09-22T16:23:21","modified_gmt":"2015-09-22T15:23:21","slug":"consulado-dominicano-de-ny-estara-cerrado-el-jueves-24-de-septiembre","status":"publish","type":"post","link":"https:\/\/2horizontes.com\/?p=25224","title":{"rendered":"Consulado dominicano de NY estar\u00e1 cerrado el jueves 24 de septiembre"},"content":{"rendered":"<div id=\"ArticleBody\">\n<p>RD-SANTO DOMINGO-El Consulado General de la Rep\u00fablica Dominicana estar\u00e1 cerrado el jueves 24 de septiembre, debido a que es feriado por celebrarse en el pa\u00eds el D\u00eda de Nuestra Se\u00f1ora de Las Mercedes, cuyo santuario se encuentra en la ciudad de La Vega.<\/p>\n<p>Las labores se reanudar\u00e1n el viernes 25 de septiembre en el horario habitual de 8:30 de la ma\u00f1ana a 3:30 de la tarde, en la sede consular localizada en el1501 de la avenida Braodway, en Manhattan.<\/p>\n<p>El c\u00f3nsul general, Eduardo Selman, invit\u00f3 a los dominicanos, sobre todo a los cat\u00f3licos, a celebrar con reverencia el D\u00eda de Nuestra Se\u00f1ora de Las Mercedes,\u00a0 declarada Patrona de la Rep\u00fablica Dominicana, a ra\u00edz de la Independencia de la naci\u00f3n en 1844.<\/p>\n<\/div>\n<div><\/div>\n<p>&nbsp;<\/p>\n","protected":false},"excerpt":{"rendered":"<p>RD-SANTO DOMINGO-El Consulado General de la Rep\u00fablica Dominicana estar\u00e1 cerrado el jueves 24 de septiembre, debido a que es feriado por celebrarse en el pa\u00eds el D\u00eda de Nuestra Se\u00f1ora de Las Mercedes, cuyo santuario se encuentra en la ciudad de La Vega. Las labores se reanudar\u00e1n el viernes 25 de septiembre en el horario [&hellip;]<\/p>\n","protected":false},"author":8,"featured_media":25225,"comment_status":"open","ping_status":"open","sticky":false,"template":"","format":"standard","meta":{"footnotes":""},"categories":[84,44],"tags":[],"class_list":["post-25224","post","type-post","status-publish","format-standard","has-post-thumbnail","hentry","category-otras-noticias","category-republica-dominicana"],"_links":{"self":[{"href":"https:\/\/2horizontes.com\/index.php?rest_route=\/wp\/v2\/posts\/25224","targetHints":{"allow":["GET"]}}],"collection":[{"href":"https:\/\/2horizontes.com\/index.php?rest_route=\/wp\/v2\/posts"}],"about":[{"href":"https:\/\/2horizontes.com\/index.php?rest_route=\/wp\/v2\/types\/post"}],"author":[{"embeddable":true,"href":"https:\/\/2horizontes.com\/index.php?rest_route=\/wp\/v2\/users\/8"}],"replies":[{"embeddable":true,"href":"https:\/\/2horizontes.com\/index.php?rest_route=%2Fwp%2Fv2%2Fcomments&post=25224"}],"version-history":[{"count":2,"href":"https:\/\/2horizontes.com\/index.php?rest_route=\/wp\/v2\/posts\/25224\/revisions"}],"predecessor-version":[{"id":25227,"href":"https:\/\/2horizontes.com\/index.php?rest_route=\/wp\/v2\/posts\/25224\/revisions\/25227"}],"wp:featuredmedia":[{"embeddable":true,"href":"https:\/\/2horizontes.com\/index.php?rest_route=\/wp\/v2\/media\/25225"}],"wp:attachment":[{"href":"https:\/\/2horizontes.com\/index.php?rest_route=%2Fwp%2Fv2%2Fmedia&parent=25224"}],"wp:term":[{"taxonomy":"category","embeddable":true,"href":"https:\/\/2horizontes.com\/index.php?rest_route=%2Fwp%2Fv2%2Fcategories&post=25224"},{"taxonomy":"post_tag","embeddable":true,"href":"https:\/\/2horizontes.com\/index.php?rest_route=%2Fwp%2Fv2%2Ftags&post=25224"}],"curies":[{"name":"wp","href":"https:\/\/api.w.org\/{rel}","templated":true}]}}