{"id":25207,"date":"2015-09-22T14:35:58","date_gmt":"2015-09-22T13:35:58","guid":{"rendered":"http:\/\/2horizontes.com\/?p=25207"},"modified":"2015-09-22T14:35:58","modified_gmt":"2015-09-22T13:35:58","slug":"donald-trump-una-campana-electoral-focalizada-en-la-xenofobia","status":"publish","type":"post","link":"https:\/\/2horizontes.com\/?p=25207","title":{"rendered":"Donald Trump: una campa\u00f1a electoral focalizada en la xenofobia"},"content":{"rendered":"<p>Por. Kenia Del Orbe Ayala<\/p>\n<p>El precandidato presidencial de los Estados Unidos por el Partido Republicano, Donald Trump, a pesar de ser descendiente de inmigrantes, ya que est\u00e1 confirmado que su madre era inmigrante escocesa y sus abuelos paternos inmigrantes alemanes, a medir por sus actuaciones al parecer el magnate ha olvidado un poco sus or\u00edgenes, debido a que en el lanzamiento oficial de su candidatura le emprendi\u00f3 a insultos contra los inmigrantes mexicanos residentes en USA, lo que gener\u00f3 un sinn\u00famero de cr\u00edticas en los medios de comunicaci\u00f3n, a partir del citado hecho el millonario no se ha detenido con sus pronunciamientos racistas a trav\u00e9s de intervenciones p\u00fablicas y de las redes sociales, llegando a insultar tambi\u00e9n a la clase pol\u00edtica del pa\u00eds como lo hizo con el Senador John MacCain, \u201cconsiderado h\u00e9roe de guerra\u201d, a artistas, empresarios, y dem\u00e1s grupos.<\/p>\n<p>Entre los \u00faltimos incidentes destacamos el hecho de ordenar sacar de una rueda de prensa al destacado periodista de la cadena Univisi\u00f3n, Jorge Ramos, por el simple hecho de que le molestaba las preguntas referentes a su xenofobia que les realiz\u00f3 el periodista. Analizados los casos, me atrevo a decir que Trump se ha focalizado en transmitir un discurso xen\u00f3fobo y anti -inmigrantes.<\/p>\n<p>Aclarando los t\u00e9rminos recordemos que la xenofobia no es m\u00e1s que el sentimiento de repudio u odio hacia el extranjero, lo cual se puede manifestar de diferentes formas. Muchos Estados tienen tipificada como un delito ese tipo de conducta, siguiendo esa l\u00ednea, por ejemplo La Comunidad Europea aprob\u00f3 una ley contra el racismo y la xenofobia.<\/p>\n<p>Retomando las acciones del candidato Trump,me pregunto si ser\u00e1n estas estrategias de comunicaci\u00f3n pol\u00edtica ideadas o aprobadas por sus asesores de campa\u00f1a para generar noticias, o s\u00ed es que al se\u00f1or se le va de la mano el control y rompe con las pautas marcadas por los expertos\/as que tiene contratados?<\/p>\n<p>Si es estrategia de comunicaci\u00f3n, respetando a sus asesores me resulta parad\u00f3jico y absurdo que el aspirante a la presidencia de un pa\u00eds como EE.UU. que cuenta con unos 40.4 millones de extranjeros, que representan el 13% de la poblaci\u00f3n,pueda seguir manteniendo el tipo de conducta antes descrita, ser\u00e1 que al mismo se le olvida que el actual presidente Barack Obama logr\u00f3 su victoria gracias al respaldo del voto latino, donde m\u00e1s del 71% les favorecieron.<\/p>\n<p>Seg\u00fan informe presentado por la Comisi\u00f3n Electoral Federal, Trump es el candidato m\u00e1s rico que se haya presentado a la presidencia de Estados Unidos, me parece bien que haya podido mantener su fortuna, incluso a base del trabajo de muchos inmigrantes, pero a pesar de todo el imperio que posee,y de que las bases del Partido Republicano le tenga como favorito en las encuestas de las primarias, dudo mucho que se pueda dar el caso que a menudo se repite en algunos pa\u00edses de Latinoam\u00e9rica, donde en una campa\u00f1a electoral al final se impone el dinero por encima de la voluntad de los pueblos.<\/p>\n","protected":false},"excerpt":{"rendered":"<p>Por. Kenia Del Orbe Ayala El precandidato presidencial de los Estados Unidos por el Partido Republicano, Donald Trump, a pesar de ser descendiente de inmigrantes, ya que est\u00e1 confirmado que su madre era inmigrante escocesa y sus abuelos paternos inmigrantes alemanes, a medir por sus actuaciones al parecer el magnate ha olvidado un poco sus [&hellip;]<\/p>\n","protected":false},"author":4,"featured_media":25208,"comment_status":"open","ping_status":"open","sticky":false,"template":"","format":"standard","meta":{"footnotes":""},"categories":[46,82,43],"tags":[],"class_list":["post-25207","post","type-post","status-publish","format-standard","has-post-thumbnail","hentry","category-dominicanos-en-madrid","category-opinion","category-politica"],"_links":{"self":[{"href":"https:\/\/2horizontes.com\/index.php?rest_route=\/wp\/v2\/posts\/25207","targetHints":{"allow":["GET"]}}],"collection":[{"href":"https:\/\/2horizontes.com\/index.php?rest_route=\/wp\/v2\/posts"}],"about":[{"href":"https:\/\/2horizontes.com\/index.php?rest_route=\/wp\/v2\/types\/post"}],"author":[{"embeddable":true,"href":"https:\/\/2horizontes.com\/index.php?rest_route=\/wp\/v2\/users\/4"}],"replies":[{"embeddable":true,"href":"https:\/\/2horizontes.com\/index.php?rest_route=%2Fwp%2Fv2%2Fcomments&post=25207"}],"version-history":[{"count":1,"href":"https:\/\/2horizontes.com\/index.php?rest_route=\/wp\/v2\/posts\/25207\/revisions"}],"predecessor-version":[{"id":25209,"href":"https:\/\/2horizontes.com\/index.php?rest_route=\/wp\/v2\/posts\/25207\/revisions\/25209"}],"wp:featuredmedia":[{"embeddable":true,"href":"https:\/\/2horizontes.com\/index.php?rest_route=\/wp\/v2\/media\/25208"}],"wp:attachment":[{"href":"https:\/\/2horizontes.com\/index.php?rest_route=%2Fwp%2Fv2%2Fmedia&parent=25207"}],"wp:term":[{"taxonomy":"category","embeddable":true,"href":"https:\/\/2horizontes.com\/index.php?rest_route=%2Fwp%2Fv2%2Fcategories&post=25207"},{"taxonomy":"post_tag","embeddable":true,"href":"https:\/\/2horizontes.com\/index.php?rest_route=%2Fwp%2Fv2%2Ftags&post=25207"}],"curies":[{"name":"wp","href":"https:\/\/api.w.org\/{rel}","templated":true}]}}