{"id":25190,"date":"2015-09-22T12:12:26","date_gmt":"2015-09-22T11:12:26","guid":{"rendered":"http:\/\/2horizontes.com\/?p=25190"},"modified":"2015-09-22T12:12:26","modified_gmt":"2015-09-22T11:12:26","slug":"don-francisco-%c2%b7lo-de-trump-no-es-politica-es-racismo","status":"publish","type":"post","link":"https:\/\/2horizontes.com\/?p=25190","title":{"rendered":"Don Francisco: \u00b7\u00bbLo de Trump no es pol\u00edtica, es racismo\u00bb"},"content":{"rendered":"<p class=\"story-body__introduction\">\u00abYo nunca me he metido en pol\u00edtica y soy muy cuidadoso de hablar de los dem\u00f3cratas y republicanos en Estados Unidos, as\u00ed como de la izquierda y la derecha en Chile, pero usted me hace una pregunta que no es de pol\u00edtica&#8230;\u00bb<\/p>\n<p>As\u00ed empez\u00f3 a responder <strong>Don Francisco<\/strong> a la pregunta de BBC Mundo sobre <strong>la posici\u00f3n de Donald Trump hacia los inmigrantes latinos en EE.UU.<\/strong><\/p>\n<p>El conocido conductor de televisi\u00f3n recibi\u00f3 a BBC Mundo el lunes, 48 horas despu\u00e9s de la clausura de su hist\u00f3rico programa \u00abS\u00e1bado Gigante\u00bb.<\/p>\n<p>\u00abEs posible que alguien diga que no le gustan los inmigrantes, es posible que no le gusten los inmigrantes mexicanos o que no le gusten las pol\u00edticas migratorias. Lo que para m\u00ed es inaceptable es que alguien diga que los mexicanos son ladrones, que trafican con droga o que son violadores. Eso para m\u00ed es inaceptable. <strong>Eso no es pol\u00edtica. Es racismo, puro racismo<\/strong>\u00ab, se\u00f1al\u00f3.<\/p>\n<p>Mario Kreutzberger, el verdadero nombre de Don Francisco, a\u00f1adi\u00f3 que cuando se realizan afirmaciones como las de Trump se cae en generalizaciones y descalificaciones que no se pueden hacer.<\/p>\n<p>La conversaci\u00f3n con el periodista chileno abord\u00f3 diversas etapas de la vida de Don Francisco e hizo un repaso del show que condujo por 53 a\u00f1os, casi la mitad de ellos en su natal Chile.<\/p>\n<p>Muchas de las preguntas se realizaron a partir de las sugerencias que los lectores de BBC Mundo enviaron a trav\u00e9s del portal de noticias y redes sociales. Toda la entrevista se transmiti\u00f3 v\u00eda Periscope.<\/p>\n<h2 class=\"story-body__crosshead\">\u00bfY despu\u00e9s de la despedida?<\/h2>\n<p>El presentador cont\u00f3 c\u00f3mo fueron las primeras horas despu\u00e9s de la salida del aire de S\u00e1bado Gigante.<\/p>\n<figure class=\"media-landscape has-caption full-width\"><span class=\"image-and-copyright-container\"><img loading=\"lazy\" decoding=\"async\" class=\"js-image-replace\" src=\"http:\/\/ichef.bbci.co.uk\/news\/ws\/624\/amz\/worldservice\/live\/assets\/images\/2015\/09\/22\/150922040029_entrevista_don_francisco_bbc_624x351_bbcmundo_nocredit.jpg\" alt=\"La entrevista con BBC Mundo\" width=\"624\" height=\"351\" \/><span class=\"off-screen\">Image copyright<\/span><span class=\"story-image-copyright\">BBC Mundo<\/span><\/span><figcaption class=\"media-caption\"><span class=\"off-screen\">Image caption<\/span><span class=\"media-caption__text\">Don Francisco se refiri\u00f3 a los or\u00edgenes de su carrera, objetivos cumplidos y proyectos futuros.<\/span><\/figcaption><\/figure>\n<p>\u00abMe he ido preparando con el tiempo a que este es el cierre del ciclo. <strong>Se acab\u00f3 S\u00e1bado Gigante, lo cerr\u00e9 en una cajita. Mi mente ya no piensa m\u00e1s en eso<\/strong>\u00ab.<\/p>\n<p>Don Francisco cont\u00f3 que inmediatamente despu\u00e9s de su despedida de las pantallas, comparti\u00f3 con amigos llegados de varios pa\u00edses del mundo y celebr\u00f3 junto a ellos en su casa.<\/p>\n<p>Kreutzberger no quiso poner por encima a ninguno de los artistas que lo acompa\u00f1aron el s\u00e1bado, sin embargo <strong>s\u00ed expres\u00f3 su sorpresa por el saludo que el presidente de Estados Unidos, Barack Obama, junto a su esposa Michelle le enviaron por el \u00faltimo programa<\/strong>.<\/p>\n<p>En el show de despedida participaron m\u00fasicos como Marc Anthony, Daddy Yankee, Los Intocables y Juanes, entre varios otros.<\/p>\n<p>Adem\u00e1s recibi\u00f3 mensajes en video de amigos como Shakira y los Estefan, Gloria y Emilio, quienes le compusieron una canci\u00f3n de homenaje.<\/p>\n<h2 class=\"story-body__crosshead\">\u00bfPor qu\u00e9 Don Francisco?<\/h2>\n<p>Mario Kreutzberger record\u00f3 en la entrevista con BBC Mundo como pas\u00f3 a llamarse Don Francisco.<\/p>\n<p>\u00abDon Francisco es una imitaci\u00f3n que yo empiezo a hacer a los 16 a\u00f1os. Yo imitaba a un amigo de mi padre que ven\u00eda de Alemania\u00bb, record\u00f3 mientras bromeaba con el acento de aquel pa\u00eds.<\/p>\n<p>Rememor\u00f3 que cuando empez\u00f3 a aparecer como humorista en radios le dijeron que nadie con un nombre como Mario Kreutzberger podr\u00eda tener \u00e9xito y as\u00ed fue como descubri\u00f3 que \u00abDon Francisco era un nombre que tra\u00eda buena suerte\u00bb.<\/p>\n<figure class=\"media-landscape has-caption body-narrow-width\"><span class=\"image-and-copyright-container\"><img loading=\"lazy\" decoding=\"async\" class=\"js-image-replace\" src=\"http:\/\/ichef-1.bbci.co.uk\/news\/ws\/304\/amz\/worldservice\/live\/assets\/images\/2015\/09\/22\/150922040307_don_francisco_anunci_que_continuar_en_televisin_304x171_bbcmundo_nocredit.jpg\" alt=\"Don Francisco anunci\u00f3 que continuar\u00e1 en televisi\u00f3n\" width=\"304\" height=\"171\" \/><span class=\"off-screen\">Image copyright<\/span><span class=\"story-image-copyright\">BBC Mundo<\/span><\/span><figcaption class=\"media-caption\"><span class=\"off-screen\">Image caption<\/span><span class=\"media-caption__text\">Don Francisco anunci\u00f3 que continuar\u00e1 en televisi\u00f3n con proyectos propios.<\/span><\/figcaption><\/figure>\n<p><strong>\u00abMe di cuenta que la gente no me reconoc\u00eda por mi apellido\u00bb, a\u00f1adi\u00f3 con algo de humor.<\/strong><\/p>\n<p>Hijo de inmigrantes judio alemanes, Kreutzberger afirm\u00f3 que sus ra\u00edces definieron su accionar posterior como promotor de causas sociales a favor de los latinos en Estados Unidos y de gente de escasos recursos en su pa\u00eds.<\/p>\n<p><strong>\u00abConoc\u00ed lo que es sufrir porque yo tambi\u00e9n fui inmigrante\u00bb.<\/strong><\/p>\n<h2 class=\"story-body__crosshead\">\u00bfLa Telet\u00f3n?<\/h2>\n<p>Don Francisco tambi\u00e9n respondi\u00f3 preguntas que cuestionaron su papel en alguna de las causas en las que se involucr\u00f3 como las conocidas Telet\u00f3n, en la que se recauda fondos para ni\u00f1os en Chile.<\/p>\n<p><strong>\u00abJam\u00e1s me han pagado un centavo. Donde he ido me he pagado yo los pasajes y la estad\u00eda<\/strong>\u00ab, se\u00f1al\u00f3 el presentador ante la consulta sobre si cobr\u00f3 dinero por ser el animador de aquellas campa\u00f1as.<\/p>\n<p>Don Francisco calific\u00f3 a las acusaciones en su contra como \u00abuna ofensa gratuita\u00bb propiciada por las redes sociales.<\/p>\n<p><strong>\u00abNunca he usufructuado ni un centavo de la Telet\u00f3n\u00bb.<\/strong><\/p>\n<div class=\"idt__mundo ns_datapic_quote ns_datapic_quote--don-francisco newsspec_infographic_template\">\n<div class=\"ns_outer_wrapper ns_outer_wrapper__align-top\">\n<div class=\"ns_inner_wrapper\">\n<div class=\"ns_quote_mark\"><\/div>\n<p class=\"ns_quote ns_quote__size--small \">En el a\u00f1o 2040, el 28% de la poblaci\u00f3n en Estados Unidos seremos hispanos. Claro que vamos a tener un presidente hispano. Nadie se imaginaba que habr\u00eda un presidente afroamericano\u00bb<\/p>\n<div class=\"ns_author \">Mario Kreutzberger (Don Francisco)<\/div>\n<\/div>\n<div class=\"ns_outer_wrapper_img_src\">BBC Mundo<\/div>\n<\/div>\n<\/div>\n<p><a class=\"story-body__link\" href=\"http:\/\/www.bbc.com\/mundo\/noticias\/2015\/04\/150417_cultura_don_francisco_sabado_gigante_bd.shtml\">Lee tambi\u00e9n: Univisi\u00f3n anuncia el final de \u00abS\u00e1bado Gigante\u00bb, el programa de Don Francisco<\/a><\/p>\n<h2 class=\"story-body__crosshead\">\u00bfUn presidente hispano en Estados Unidos?<\/h2>\n<p>\u00ab<strong>Cuando corresponda suceder\u00e1. Nadie se imaginaba que habr\u00eda un presidente afroamericano<\/strong>\u00ab, respondi\u00f3 Don Francisco.<\/p>\n<p>El conductor se anim\u00f3 a lanzar una cifra y una premonici\u00f3n: \u00aben el a\u00f1o 2040, el 28% de la poblaci\u00f3n en Estados Unidos seremos hispanos. Claro que vamos a tener un presidente hispano\u00bb.<\/p>\n<p>Kreutzberger a\u00f1adi\u00f3, sin embargo, que no le interesa ingresar en ning\u00fan tipo de actividad pol\u00edtica.<\/p>\n<p><strong>\u00abYo no estoy preparado para la pol\u00edtica y no tengo disciplina pol\u00edtica\u00bb.<\/strong><\/p>\n<h2 class=\"story-body__crosshead\">\u00bfQu\u00e9 viene?<\/h2>\n<p>Don Francisco adelant\u00f3 que seguir\u00e1 viviendo entre Estados Unidos y Chile y que no dejar\u00e1 la televisi\u00f3n.<\/p>\n<p>\u00abHace 48 horas (desde el final de S\u00e1bado Gigante) que pienso en todos los proyectos que quiero hacer. Pienso en los <i>docurealitys<\/i>, programas de entrevistas, por los formatos que hemos desarrollado hasta ahora. Trabajar con nuevos talentos. Entregar mi experiencia a personas que lo quieran ocupar\u00bb, afirm\u00f3.<\/p>\n<p>\u00abEl personaje sigue, igual que siempre\u00bb, a\u00f1adi\u00f3 en referencia a que <strong>seguir\u00e1 haci\u00e9ndose llamar Don Francisco.<\/strong><\/p>\n<p>A la hora del balance, Don Francisco se muestra satisfecho. Pide disculpas si ofendi\u00f3 alguna vez y recuerda que siempre tuvo la intenci\u00f3n de entretener.<\/p>\n","protected":false},"excerpt":{"rendered":"<p>\u00abYo nunca me he metido en pol\u00edtica y soy muy cuidadoso de hablar de los dem\u00f3cratas y republicanos en Estados Unidos, as\u00ed como de la izquierda y la derecha en Chile, pero usted me hace una pregunta que no es de pol\u00edtica&#8230;\u00bb As\u00ed empez\u00f3 a responder Don Francisco a la pregunta de BBC Mundo sobre [&hellip;]<\/p>\n","protected":false},"author":4,"featured_media":25191,"comment_status":"open","ping_status":"open","sticky":false,"template":"","format":"standard","meta":{"footnotes":""},"categories":[40,56,82,43],"tags":[],"class_list":["post-25190","post","type-post","status-publish","format-standard","has-post-thumbnail","hentry","category-internacionales","category-notas-luctuosas","category-opinion","category-politica"],"_links":{"self":[{"href":"https:\/\/2horizontes.com\/index.php?rest_route=\/wp\/v2\/posts\/25190","targetHints":{"allow":["GET"]}}],"collection":[{"href":"https:\/\/2horizontes.com\/index.php?rest_route=\/wp\/v2\/posts"}],"about":[{"href":"https:\/\/2horizontes.com\/index.php?rest_route=\/wp\/v2\/types\/post"}],"author":[{"embeddable":true,"href":"https:\/\/2horizontes.com\/index.php?rest_route=\/wp\/v2\/users\/4"}],"replies":[{"embeddable":true,"href":"https:\/\/2horizontes.com\/index.php?rest_route=%2Fwp%2Fv2%2Fcomments&post=25190"}],"version-history":[{"count":1,"href":"https:\/\/2horizontes.com\/index.php?rest_route=\/wp\/v2\/posts\/25190\/revisions"}],"predecessor-version":[{"id":25192,"href":"https:\/\/2horizontes.com\/index.php?rest_route=\/wp\/v2\/posts\/25190\/revisions\/25192"}],"wp:featuredmedia":[{"embeddable":true,"href":"https:\/\/2horizontes.com\/index.php?rest_route=\/wp\/v2\/media\/25191"}],"wp:attachment":[{"href":"https:\/\/2horizontes.com\/index.php?rest_route=%2Fwp%2Fv2%2Fmedia&parent=25190"}],"wp:term":[{"taxonomy":"category","embeddable":true,"href":"https:\/\/2horizontes.com\/index.php?rest_route=%2Fwp%2Fv2%2Fcategories&post=25190"},{"taxonomy":"post_tag","embeddable":true,"href":"https:\/\/2horizontes.com\/index.php?rest_route=%2Fwp%2Fv2%2Ftags&post=25190"}],"curies":[{"name":"wp","href":"https:\/\/api.w.org\/{rel}","templated":true}]}}