{"id":25186,"date":"2015-09-22T12:06:34","date_gmt":"2015-09-22T11:06:34","guid":{"rendered":"http:\/\/2horizontes.com\/?p=25186"},"modified":"2015-09-22T12:08:38","modified_gmt":"2015-09-22T11:08:38","slug":"disidentes-en-cuba-el-papa-deberia-ser-mas-fuerte-y-hablar-de-derechos-humanos-y-libertad","status":"publish","type":"post","link":"https:\/\/2horizontes.com\/?p=25186","title":{"rendered":"Disidentes en Cuba: \u00abEl Papa deber\u00eda ser m\u00e1s fuerte y hablar de derechos humanos y libertad\u00bb"},"content":{"rendered":"<div class=\"story-body__mini-info-list-and-share\">\n<p>&nbsp;<\/p>\n<\/div>\n<div class=\"story-body__inner\">\n<figure class=\"media-landscape has-caption full-width lead\"><span class=\"image-and-copyright-container\"><img loading=\"lazy\" decoding=\"async\" class=\"js-image-replace\" src=\"http:\/\/ichef-1.bbci.co.uk\/news\/ws\/660\/amz\/worldservice\/live\/assets\/images\/2015\/09\/21\/150921192231_cuba_disidentes_papa_624x351_reuters.jpg\" alt=\"\" width=\"624\" height=\"351\" \/><\/span><figcaption class=\"media-caption\"><span class=\"off-screen\">\u00a0<\/span><span class=\"media-caption__text\">Los cubanos esperan expectantes cada pronunciamiento del Papa.<\/span><\/figcaption><\/figure>\n<p class=\"story-body__introduction\">Hasta su improvisada reuni\u00f3n de media hora con Fidel Castro, el domingo pasado, el papa Francisco hab\u00eda venido cumpliendo con el programa oficial de su visita a Cuba al pie de la letra.<\/p>\n<p>Y ese encuentro ha hecho sonar con m\u00e1s fuerza la pregunta que surgi\u00f3 nada m\u00e1s anunciarse su visita a la isla caribe\u00f1a.<\/p>\n<p>\u00bf<strong>Se reunir\u00e1 con la disidencia cubana<\/strong>, sali\u00e9ndose del gui\u00f3n establecido?<\/p>\n<p>El vocero del Vaticano, Federico Lombardi, hab\u00eda descartado esa posibilidad la pasada semana.<\/p>\n<p>Pero tras el encuentro con el l\u00edder cubano, este lunes BBC Mundo volvi\u00f3 a consultar a la Santa Sede al respecto.<\/p>\n<figure class=\"media-landscape has-caption full-width\"><span class=\"image-and-copyright-container\"><img loading=\"lazy\" decoding=\"async\" class=\"js-image-replace\" src=\"http:\/\/ichef-1.bbci.co.uk\/news\/ws\/624\/amz\/worldservice\/live\/assets\/images\/2015\/09\/21\/150921192107_cuba_disidentes_papa_624x351_afpgetty.jpg\" alt=\"\" width=\"624\" height=\"351\" \/><span class=\"off-screen\">Image copyright<\/span><span class=\"story-image-copyright\">AFP Getty<\/span><\/span><figcaption class=\"media-caption\"><span class=\"off-screen\">Image caption<\/span><span class=\"media-caption__text\">El domingo se reuni\u00f3 con Fidel Castro en la que fuera la residencia del l\u00edder cubano.<\/span><\/figcaption><\/figure>\n<p>\u00abNo lo sabemos. En el programa no est\u00e1 contemplado, pero no sabemos lo que el Papa tiene en mente\u00bb, respondi\u00f3 su oficina de prensa.<\/p>\n<p>\u00abTampoco ten\u00edamos noticias de que iba a encontrarse con Fidel Castro y ocurri\u00f3\u00bb.<\/p>\n<p>Lea: Visita del Papa a Cuba: \u00bfpor qu\u00e9 Francisco le regal\u00f3 a Fidel Castro un libro de Armando Llorente?<\/p>\n<p><strong>Por el momento no ha habido reuni\u00f3n, como tampoco la hubo cuando sus antecesores, Juan Pablo II y Benedicto XVI<\/strong>, visitaron la isla en 1998 y 2012, respectivamente.<\/p>\n<p>Sin embargo, tres conocidas disidentes aseguran que recibieron una invitaci\u00f3n para saludar al sumo pont\u00edfice el s\u00e1bado; algo que no pudieron hacer porque fueron detenidas.<\/p>\n<p>El mismo Lombardi confirm\u00f3 que unos disidentes hab\u00edan sido invitados a saludar al pont\u00edfice, pero a\u00f1adi\u00f3 que no sab\u00eda por qu\u00e9 no se hab\u00edan presentado.<\/p>\n<h2 class=\"story-body__crosshead\">Detenciones de disidentes<\/h2>\n<p>Seg\u00fan contaron a BBC Mundo la economista Marta Beatriz Roque y Berta Soler, la l\u00edder del grupo disidente Damas de Blanco, fue el secretario del nuncio Giorgio Lingua el que las invit\u00f3 en persona.<\/p>\n<p>Iban a poder saludar al Papa en los jardines de la Nunciatura, junto a 150 invitados m\u00e1s, todos ellos religiosos de la isla.<\/p>\n<figure class=\"media-landscape has-caption full-width\"><span class=\"image-and-copyright-container\"><img loading=\"lazy\" decoding=\"async\" class=\"js-image-replace\" src=\"http:\/\/ichef-1.bbci.co.uk\/news\/ws\/624\/amz\/worldservice\/live\/assets\/images\/2015\/09\/21\/150921192300_cuba_disidentes_papa_624x351_afp.jpg\" alt=\"\" width=\"624\" height=\"351\" \/><span class=\"off-screen\">Image copyright<\/span><span class=\"story-image-copyright\">AFP<\/span><\/span><figcaption class=\"media-caption\"><span class=\"off-screen\">Image caption<\/span><span class=\"media-caption__text\">El Papa parte para Washington el martes.<\/span><\/figcaption><\/figure>\n<p>Y tambi\u00e9n iba a asistir la periodista Miriam Leiva, otra representante de la oposici\u00f3n al gobierno cubano.<\/p>\n<p>\u00abPero <strong>cuando sal\u00ed de casa me abord\u00f3 un miembro de la seguridad del Estado<\/strong>y me llev\u00f3 a una unidad de la polic\u00eda, donde me retuvieron durante tres horas\u00bb, afirm\u00f3 Leiva.<\/p>\n<p>Eso mismo les ocurri\u00f3 a las otras dos mujeres, le aseguraron a BBC Mundo.<\/p>\n<p>Al d\u00eda siguiente Roque y Leiva volvieron a recibir una invitaci\u00f3n para acudir a la plaza de la catedral, donde el sumo pont\u00edfice ten\u00eda previsto celebrar las V\u00edsperas con religiosos y seminaristas.<\/p>\n<p>Pero aseguran que tambi\u00e9n fueron detenidas.<\/p>\n<p>\u00abEsa vez fue m\u00e1s agresivo. Ya iba en el auto y cuando llegu\u00e9 a la Avenida del Puerto me par\u00f3 un carro de la seguridad del Estado con cuatro oficiales\u00bb, cont\u00f3 Leiva.<\/p>\n<p>\u00abUno de los oficiales, una mujer, me hal\u00f3 del brazo con fuerza y me sac\u00f3 del carro\u00bb.<\/p>\n<figure class=\"media-landscape no-caption full-width\"><span class=\"image-and-copyright-container\"><img loading=\"lazy\" decoding=\"async\" class=\"js-image-replace\" src=\"http:\/\/ichef.bbci.co.uk\/news\/ws\/624\/amz\/worldservice\/live\/assets\/images\/2015\/09\/20\/150920234747_pope_cuba_protests_624x351_epa_nocredit.jpg\" alt=\"\" width=\"624\" height=\"351\" \/><span class=\"off-screen\">Image copyright<\/span><span class=\"story-image-copyright\">EPA<\/span><\/span><\/figure>\n<p>Explic\u00f3 que la volvieron a llevar a una comisar\u00eda, y para cuando la dejaron marchar, tres horas despu\u00e9s, el evento en la catedral ya hab\u00eda terminado.<\/p>\n<p><strong>Otros disidentes no ten\u00edan invitaci\u00f3n, pero tambi\u00e9n fueron arrestados cuando iban a ver al Papa,<\/strong> denunciaron varias organizaciones de disidentes cubanos.<\/p>\n<p>De acuerdo a la Uni\u00f3n Patri\u00f3tica de Cuba (Unpacu), la que se considera la organizaci\u00f3n de opositores m\u00e1s visible y activa de la isla, en todo el fin de semana las fuerzas de seguridad del Estado detuvieron a m\u00e1s de 50 en el oriente del pa\u00eds.<\/p>\n<p>\u00abPero la cifra podr\u00eda ser bastante m\u00e1s alta\u00bb, se\u00f1al\u00f3 a BBC Mundo el coordinador nacional de Unpacu, Jos\u00e9 Daniel Ferrer.<\/p>\n<p>\u00abEn todo el pa\u00eds arrestaron a un centenar\u00bb, calcul\u00f3 Berta Soler, la l\u00edder de las Damas de Blanco, tras contar su propio arresto.<\/p>\n<p>Aunque, seg\u00fan Soler, todos ellos fueron liberados horas despu\u00e9s, como ella misma.<\/p>\n<p><strong>BBC Mundo no pudo contrastar estas cifras con el gobierno de Cuba.<\/strong><\/p>\n<p>Y cuando llam\u00f3 al diario oficial <i>Granma<\/i> las respuesta que obtuvo fue: \u00abNo lo podemos confirmar ni desmentir. No tenemos informaci\u00f3n\u00bb.<\/p>\n<h2 class=\"story-body__crosshead\">Discurso \u00abm\u00e1s directo\u00bb<\/h2>\n<p>La cifra de detenciones, por lo tanto, no est\u00e1 clara.<\/p>\n<p>Pero la que m\u00e1s eco tuvo fue la de los disidentes Zaqueo B\u00e1ez Guerrero, Mar\u00eda Josefa Ac\u00f3n Sardi\u00f1as, Ismael Boris Re\u00f1i y Aymara Nieto Mu\u00f1oz, los que m\u00e1s lograron acercarse al jefe de Estado del Vaticano.<\/p>\n<p><strong>Fueron arrestados en la Plaza de la Revoluci\u00f3n este domingo, tras gritar consignas contra el gobierno<\/strong> y tirar unos panfletos al aire cuando el sumo pont\u00edfice llegaba en el papam\u00f3vil.<\/p>\n<p>El corresponsal de BBC Mundo en Cuba, Will Grant, estaba en la plaza en ese momento y lo presenci\u00f3.<\/p>\n<figure class=\"media-landscape no-caption full-width\"><span class=\"image-and-copyright-container\"><img loading=\"lazy\" decoding=\"async\" class=\"js-image-replace\" src=\"http:\/\/ichef.bbci.co.uk\/news\/ws\/624\/amz\/worldservice\/live\/assets\/images\/2015\/09\/21\/150921191935_cuba_disidentes_papa_624x351_afpgetty.jpg\" alt=\"\" width=\"624\" height=\"351\" \/><span class=\"off-screen\">Image copyright<\/span><span class=\"story-image-copyright\">AFP Getty<\/span><\/span><\/figure>\n<figure class=\"media-landscape no-caption full-width\"><span class=\"image-and-copyright-container\"><img loading=\"lazy\" decoding=\"async\" class=\"js-image-replace\" src=\"http:\/\/ichef-1.bbci.co.uk\/news\/ws\/624\/amz\/worldservice\/live\/assets\/images\/2015\/09\/21\/150921191900_cuba_disidentes_papa_624x351_ap.jpg\" alt=\"\" width=\"624\" height=\"351\" \/><span class=\"off-screen\">Image copyright<\/span><span class=\"story-image-copyright\">AP<\/span><\/span><\/figure>\n<figure class=\"media-landscape has-caption full-width\"><span class=\"image-and-copyright-container\"><img loading=\"lazy\" decoding=\"async\" class=\"js-image-replace\" src=\"http:\/\/ichef.bbci.co.uk\/news\/ws\/624\/amz\/worldservice\/live\/assets\/images\/2015\/09\/21\/150921191711_cuba_disidentes_papa_624x351_ap.jpg\" alt=\"\" width=\"624\" height=\"351\" \/><span class=\"off-screen\">Image copyright<\/span><span class=\"story-image-copyright\">AP<\/span><\/span><figcaption class=\"media-caption\"><span class=\"off-screen\">Image caption<\/span><span class=\"media-caption__text\">La detenci\u00f3n de la Plaza de la Revoluci\u00f3n el domingo es la que m\u00e1s eco ha tenido.<\/span><\/figcaption><\/figure>\n<p>\u00abEn un principio parec\u00eda que uno de ellos (Zaqueo B\u00e1ez) buscaba la bendici\u00f3n del Papa, incluso \u00e9ste le pos\u00f3 la mano en la frente. Pero luego se volvi\u00f3 un acto pol\u00edtico y tiraron papeles al aire\u00bb, explic\u00f3.<\/p>\n<p>Fue entonces cuando las fuerzas de seguridad salieron al paso.<\/p>\n<p>\u00abHasta cierto punto es algo que tambi\u00e9n hubiera pasado en Nueva York, en Madrid, en cualquier ciudad en una visita del Papa o del presidente de EE.UU. Barack Obama, por ejemplo, si alguien hubiera querido acercarse a \u00e9l para mostrar su descontento\u00bb, a\u00f1adi\u00f3 Grant.<\/p>\n<p><strong>La diferencia es que en Cuba la protesta p\u00fablica est\u00e1 prohibida<\/strong>.<\/p>\n<figure class=\"media-landscape has-caption body-narrow-width\"><span class=\"image-and-copyright-container\"><img loading=\"lazy\" decoding=\"async\" class=\"js-image-replace\" src=\"http:\/\/ichef.bbci.co.uk\/news\/ws\/304\/amz\/worldservice\/live\/assets\/images\/2015\/09\/19\/150919215103_sp_cuba_papa_francisco_poster_304x171_getty_nocredit.jpg\" alt=\"papa francisco en Cuba\" width=\"304\" height=\"171\" \/><span class=\"off-screen\">Image copyright<\/span><span class=\"story-image-copyright\">Getty<\/span><\/span><figcaption class=\"media-caption\"><span class=\"off-screen\">Image caption<\/span><span class=\"media-caption__text\">La visita del Papa a Cuba a creado revuelo entre creyentes y no creyentes.<\/span><\/figcaption><\/figure>\n<p>Aunque eso, el manifestarse, es algo que el coordinador nacional de Unpacu, la organizaci\u00f3n a la que pertenec\u00edan los detenidos, ve como algo necesario.<\/p>\n<p>\u00abAl ver los pronunciamientos y el comportamiento del Papa hasta ahora pensamos que hab\u00eda que acercarse a \u00e9l para llamar la atenci\u00f3n sobre los temas de los que no ha hablado, para ser claros sobre que aqu\u00ed se violan los derechos humanos y no hay libertad\u00bb, dijo Ferrer.<\/p>\n<p>\u00abSus homil\u00edas han sido excesivamente suaves para la situaci\u00f3n que padece Cuba\u00bb, a\u00f1adi\u00f3.<\/p>\n<p>Y con \u00e9l comparte la opini\u00f3n la l\u00edder de las Damas de Blanco, quienes en junio dirigieron una carta al Papa en la que le ped\u00edan una reuni\u00f3n de un minuto.<\/p>\n<p><strong>\u00abDebe ser m\u00e1s fuerte y directo y hablar de las violaciones a los derechos humanos y sobre libertad\u00bb, remarc\u00f3 Soler.<\/strong><\/p>\n<p>\u00abDecir algo parecido a lo que dijo Juan Pablo II, aquello de que Cuba se abra al mundo con todas sus magn\u00edficas posibilidades, y que el mundo se abra a Cuba\u00bb, a\u00f1adi\u00f3.<\/p>\n<h2 class=\"story-body__crosshead\">Mirando con lupa<\/h2>\n<p>Hasta el momento el Papa no se ha referido a la situaci\u00f3n de los derechos humanos en la isla.<\/p>\n<p>Pero cada una de sus intervenciones siguen analiz\u00e1ndose con lupa, buscando alg\u00fan indicio de cr\u00edtica al gobierno cubano.<\/p>\n<figure class=\"media-landscape has-caption full-width\"><span class=\"image-and-copyright-container\"><img loading=\"lazy\" decoding=\"async\" class=\"js-image-replace\" src=\"http:\/\/ichef-1.bbci.co.uk\/news\/ws\/624\/amz\/worldservice\/live\/assets\/images\/2015\/09\/21\/150921192153_cuba_disidentes_papa_624x351_afpgetty.jpg\" alt=\"\" width=\"624\" height=\"351\" \/><span class=\"off-screen\">Image copyright<\/span><span class=\"story-image-copyright\">AFP Getty<\/span><\/span><figcaption class=\"media-caption\"><span class=\"off-screen\">Image caption<\/span><span class=\"media-caption__text\">Las palabras del Papa se miran con lupa durante su visita a Cuba.<\/span><\/figcaption><\/figure>\n<p>Eso se vio en una de las frases que dijo en la homil\u00eda del domingo: \u00ab<strong>No se sirve a ideolog\u00edas, se sirve a personas<\/strong>\u00ab.<\/p>\n<p>Y tambi\u00e9n en la respuesta que le dio a un estudiante que se pronunci\u00f3 en el centro F\u00e9lix Varela de La Habana.<\/p>\n<p>\u00abAy\u00fadenos Santo Padre a ser j\u00f3venes que sepamos acoger al que piensa diferente, que no nos encerremos en los conventillos de las religiones o las ideolog\u00edas\u00bb, le pidi\u00f3 el joven.<\/p>\n<p>\u00abLe queremos pedir algo especial: que renueve en nosotros la esperanza de que se puede crecer, so\u00f1ar que se puede ser feliz en esta compleja realidad que nos toc\u00f3 vivir\u00bb, a\u00f1adi\u00f3.<\/p>\n<p>A lo que el pont\u00edfice contest\u00f3 que \u00ablos j\u00f3venes tienen que so\u00f1ar\u00bb, esquivando una respuesta m\u00e1s directa o expl\u00edcita.<\/p>\n<figure class=\"media-landscape has-caption full-width\"><span class=\"image-and-copyright-container\"><img loading=\"lazy\" decoding=\"async\" class=\"js-image-replace\" src=\"http:\/\/ichef.bbci.co.uk\/news\/ws\/624\/amz\/worldservice\/live\/assets\/images\/2015\/09\/21\/150921173839_pope_virgen_cuba_624x351_ap_nocredit.jpg\" alt=\"\" width=\"624\" height=\"351\" \/><span class=\"off-screen\">Image copyright<\/span><span class=\"story-image-copyright\">AP<\/span><\/span><figcaption class=\"media-caption\"><span class=\"off-screen\">Image caption<\/span><span class=\"media-caption__text\">Los disidentes esperan que el Papa critique al r\u00e9gimen de los Castro.<\/span><\/figcaption><\/figure>\n<p>\u00abEl Papa no pondr\u00e1 en peligro el proceso de deshielo o las relaciones entre La Habana, Washington y el Vaticano (por una respuesta m\u00e1s directa, ni por una reuni\u00f3n con la disidencia)\u00bb, opina el corresponsal de BBC Mundo en Cuba, Will Grant.<\/p>\n<p>Y algo similar le dijo Austen Ivereigh, el autor de la biograf\u00eda del Papa titulada<i> El gran reformador<\/i>, al diario estadounidense <i>Washington Post<\/i>.<\/p>\n<p><strong>El Papa es bien consciente de que el hecho de que no se re\u00fana con la disidencia ser\u00e1 interpretado en ciertos sectores como que se ha doblegado ante el r\u00e9gimen<\/strong>, pero no le importa\u00bb, opin\u00f3 Ivereigh.<\/p>\n<p>\u00ab(\u00c9l y la Iglesia cat\u00f3lica de Cuba) est\u00e1n jugando al juego largo y creo que saben que es un proceso evolutivo m\u00e1s que un cambio de r\u00e9gimen\u00bb.<\/p>\n<p>El vocero del Vaticano, Federico Lombardi, hab\u00eda a\u00f1adido otro comentario a esto.<\/p>\n<figure class=\"media-landscape has-caption full-width\"><span class=\"image-and-copyright-container\"><img loading=\"lazy\" decoding=\"async\" class=\"js-image-replace\" src=\"http:\/\/ichef.bbci.co.uk\/news\/ws\/624\/amz\/worldservice\/live\/assets\/images\/2015\/09\/21\/150921192014_cuba_disidentes_papa_624x351_reuters.jpg\" alt=\"\" width=\"624\" height=\"351\" \/><span class=\"off-screen\">Image copyright<\/span><span class=\"story-image-copyright\">Reuters<\/span><\/span><figcaption class=\"media-caption\"><span class=\"off-screen\">Image caption<\/span><span class=\"media-caption__text\">Pero el Papa no quiere poner en peligro el proceso de deshielo, dicen los expertos.<\/span><\/figcaption><\/figure>\n<p>\u00abA menudo este tipo de problemas se discuten en conversaciones privadas, no con proclamaciones p\u00fablicas, sino en discusiones personales, directas o privadas\u00bb, dijo.<\/p>\n<p>\u00ab<strong>La tradici\u00f3n de la autoridad de la Santa Sede es lidiar con ello con discreci\u00f3n<\/strong>, una forma con frecuencia m\u00e1s eficiente que las otras, posiblemente m\u00e1s visibles pero menos oportunas\u00bb.<\/p>\n<p>Pero mientras eso ocurre, y a pocas horas de que el papa Francisco abandone la isla, la expectaci\u00f3n contin\u00faa.<\/p>\n<\/div>\n","protected":false},"excerpt":{"rendered":"<p>&nbsp; \u00a0Los cubanos esperan expectantes cada pronunciamiento del Papa. Hasta su improvisada reuni\u00f3n de media hora con Fidel Castro, el domingo pasado, el papa Francisco hab\u00eda venido cumpliendo con el programa oficial de su visita a Cuba al pie de la letra. Y ese encuentro ha hecho sonar con m\u00e1s fuerza la pregunta que surgi\u00f3 [&hellip;]<\/p>\n","protected":false},"author":4,"featured_media":25187,"comment_status":"open","ping_status":"open","sticky":false,"template":"","format":"standard","meta":{"footnotes":""},"categories":[49,56,82,84],"tags":[],"class_list":["post-25186","post","type-post","status-publish","format-standard","has-post-thumbnail","hentry","category-cuba","category-notas-luctuosas","category-opinion","category-otras-noticias"],"_links":{"self":[{"href":"https:\/\/2horizontes.com\/index.php?rest_route=\/wp\/v2\/posts\/25186","targetHints":{"allow":["GET"]}}],"collection":[{"href":"https:\/\/2horizontes.com\/index.php?rest_route=\/wp\/v2\/posts"}],"about":[{"href":"https:\/\/2horizontes.com\/index.php?rest_route=\/wp\/v2\/types\/post"}],"author":[{"embeddable":true,"href":"https:\/\/2horizontes.com\/index.php?rest_route=\/wp\/v2\/users\/4"}],"replies":[{"embeddable":true,"href":"https:\/\/2horizontes.com\/index.php?rest_route=%2Fwp%2Fv2%2Fcomments&post=25186"}],"version-history":[{"count":2,"href":"https:\/\/2horizontes.com\/index.php?rest_route=\/wp\/v2\/posts\/25186\/revisions"}],"predecessor-version":[{"id":25189,"href":"https:\/\/2horizontes.com\/index.php?rest_route=\/wp\/v2\/posts\/25186\/revisions\/25189"}],"wp:featuredmedia":[{"embeddable":true,"href":"https:\/\/2horizontes.com\/index.php?rest_route=\/wp\/v2\/media\/25187"}],"wp:attachment":[{"href":"https:\/\/2horizontes.com\/index.php?rest_route=%2Fwp%2Fv2%2Fmedia&parent=25186"}],"wp:term":[{"taxonomy":"category","embeddable":true,"href":"https:\/\/2horizontes.com\/index.php?rest_route=%2Fwp%2Fv2%2Fcategories&post=25186"},{"taxonomy":"post_tag","embeddable":true,"href":"https:\/\/2horizontes.com\/index.php?rest_route=%2Fwp%2Fv2%2Ftags&post=25186"}],"curies":[{"name":"wp","href":"https:\/\/api.w.org\/{rel}","templated":true}]}}