{"id":25171,"date":"2015-09-22T11:28:27","date_gmt":"2015-09-22T10:28:27","guid":{"rendered":"http:\/\/2horizontes.com\/?p=25171"},"modified":"2015-09-22T11:28:27","modified_gmt":"2015-09-22T10:28:27","slug":"asociacion-de-industrias-de-r-d-vaticina-productos-escasearan-en-haiti","status":"publish","type":"post","link":"https:\/\/2horizontes.com\/?p=25171","title":{"rendered":"Asociaci\u00f3n de Industrias de R.D. vaticina productos escasear\u00e1n en Hait\u00ed"},"content":{"rendered":"<div id=\"ArticleAuthorDiv\" class=\"article-body-author\"><b>Adriana Peguero<\/b><\/div>\n<div id=\"ArticleSourceDiv\" class=\"article-body-author\"><b>Santo Domingo<\/b><\/div>\n<div id=\"ArticleBody\">\n<p>El presidente de la Asociaci\u00f3n de Industrias de la Rep\u00fablica Dominicana (AIRD), Campos de Moya, vaticin\u00f3 ayer que a partir del d\u00eda primero de octubre habr\u00e1 un desabastecimiento de importantes productos en Hait\u00ed, al explicar que esa naci\u00f3n no cuenta con la log\u00edstica para recibir mercanc\u00edas a trav\u00e9s del mar.<\/p>\n<p>\u201cCuando falten esos productos en Hait\u00ed, la poblaci\u00f3n le pedir\u00e1 una soluci\u00f3n a su gobierno\u201d, agreg\u00f3.<\/p>\n<p>De Moya explic\u00f3 que los em- presarios dominicanos se han reunido con sus hom\u00f3logos haitianos y que estos les manifestaron que en su pa\u00eds no existen puertos, gr\u00faas ni los equipos que se necesitan para recibir las mercanc\u00edas que lleguen a su territorio en barco.<\/p>\n<p>El empresario habl\u00f3 luego de un encuentro que sostuvo la AIRD en la Torre Empresarial, el cual se desarroll\u00f3 bajo el tema \u201cEfectos de la disposici\u00f3n de Hait\u00ed de restringir la importaci\u00f3n de productos solo por la v\u00eda Mar\u00edtima o A\u00e9rea\u201d.<\/p>\n<p>Se recuerda que Hait\u00ed prohibi\u00f3 a partir del 1\u00b0 de octubre la entrada a su pa\u00eds, de 23 productos dominicanos, los cuales solo pueden ser transpotados a esa naci\u00f3n por aire y mar.<\/p>\n<p>\u201cLos empresarios haitianos han expresado que no existen puertos en Puerto Pr\u00edncipe, tampoco en Cabo Haitiano, para poder recibir las mercanc\u00edas que la Rep\u00fablica Dominicana exporta diariamente\u201d, dijo.<\/p>\n<p>Agreg\u00f3 que los empresarios haitianos tambi\u00e9n aclararon que cuando esas mercanc\u00edas lleguen a su pa\u00eds, no cuentan con las gr\u00faas para moverlas, ni la log\u00edstica de camiones para transportarlas.<\/p>\n<p>\u201cEllos nos manifestaron que no hay posibilidad de que Hait\u00ed pueda implementar esto\u201d, manifest\u00f3 De Moya.<\/p>\n<p>En ese sentido, consider\u00f3 que medidas de esa naturaleza afectan severamente al pueblo haitiano, porque encarecen los productos y se provoca desabastecimiento.<\/p>\n<p>Asimismo, la AIRD espera que el Gobierno haitiano explique a cu\u00e1les productos se refiere espec\u00edficamente, porque dentro de los rubros que se mencionan hay algunos que est\u00e1n detallados en el c\u00f3digo arancelario dominicano.<\/p>\n<p>F. List\u00edn Diario.<\/p>\n<\/div>\n","protected":false},"excerpt":{"rendered":"<p>Adriana Peguero Santo Domingo El presidente de la Asociaci\u00f3n de Industrias de la Rep\u00fablica Dominicana (AIRD), Campos de Moya, vaticin\u00f3 ayer que a partir del d\u00eda primero de octubre habr\u00e1 un desabastecimiento de importantes productos en Hait\u00ed, al explicar que esa naci\u00f3n no cuenta con la log\u00edstica para recibir mercanc\u00edas a trav\u00e9s del mar. \u201cCuando [&hellip;]<\/p>\n","protected":false},"author":7,"featured_media":25172,"comment_status":"open","ping_status":"open","sticky":false,"template":"","format":"standard","meta":{"footnotes":""},"categories":[63,47,40,44],"tags":[],"class_list":["post-25171","post","type-post","status-publish","format-standard","has-post-thumbnail","hentry","category-economia","category-haiti","category-internacionales","category-republica-dominicana"],"_links":{"self":[{"href":"https:\/\/2horizontes.com\/index.php?rest_route=\/wp\/v2\/posts\/25171","targetHints":{"allow":["GET"]}}],"collection":[{"href":"https:\/\/2horizontes.com\/index.php?rest_route=\/wp\/v2\/posts"}],"about":[{"href":"https:\/\/2horizontes.com\/index.php?rest_route=\/wp\/v2\/types\/post"}],"author":[{"embeddable":true,"href":"https:\/\/2horizontes.com\/index.php?rest_route=\/wp\/v2\/users\/7"}],"replies":[{"embeddable":true,"href":"https:\/\/2horizontes.com\/index.php?rest_route=%2Fwp%2Fv2%2Fcomments&post=25171"}],"version-history":[{"count":1,"href":"https:\/\/2horizontes.com\/index.php?rest_route=\/wp\/v2\/posts\/25171\/revisions"}],"predecessor-version":[{"id":25173,"href":"https:\/\/2horizontes.com\/index.php?rest_route=\/wp\/v2\/posts\/25171\/revisions\/25173"}],"wp:featuredmedia":[{"embeddable":true,"href":"https:\/\/2horizontes.com\/index.php?rest_route=\/wp\/v2\/media\/25172"}],"wp:attachment":[{"href":"https:\/\/2horizontes.com\/index.php?rest_route=%2Fwp%2Fv2%2Fmedia&parent=25171"}],"wp:term":[{"taxonomy":"category","embeddable":true,"href":"https:\/\/2horizontes.com\/index.php?rest_route=%2Fwp%2Fv2%2Fcategories&post=25171"},{"taxonomy":"post_tag","embeddable":true,"href":"https:\/\/2horizontes.com\/index.php?rest_route=%2Fwp%2Fv2%2Ftags&post=25171"}],"curies":[{"name":"wp","href":"https:\/\/api.w.org\/{rel}","templated":true}]}}