{"id":25165,"date":"2015-09-22T11:06:27","date_gmt":"2015-09-22T10:06:27","guid":{"rendered":"http:\/\/2horizontes.com\/?p=25165"},"modified":"2015-09-22T11:06:27","modified_gmt":"2015-09-22T10:06:27","slug":"la-tormenta-ida-se-fortalece-al-norte-de-las-antillas-menores","status":"publish","type":"post","link":"https:\/\/2horizontes.com\/?p=25165","title":{"rendered":"La tormenta Ida se fortalece al norte de las Antillas Menores"},"content":{"rendered":"<div id=\"ArticleAuthorDiv\" class=\"article-body-author\"><b>EFE<\/b><\/div>\n<div id=\"ArticleSourceDiv\" class=\"article-body-author\"><b>Miami (EE.UU.)<\/b><\/div>\n<div id=\"ArticleBody\">\n<p>Ida, la novena tormenta tropical de la actual temporada de huracanes en la cuenca atl\u00e1ntica, se fortaleci\u00f3 hoy al subir sus vientos m\u00e1ximos sostenidos a 85 kil\u00f3metros por hora en aguas abiertas al norte de las Antillas Menores.<\/p>\n<p>El Centro Nacional de Huracanes (CNH) de Estados Unidos indic\u00f3 en su bolet\u00edn m\u00e1s reciente que Ida se encuentra situada a unos 1.670 kil\u00f3metros al este del norte de las Antillas Menores, en la latitud 19,8 grados norte y 47,3 grados oeste.<\/p>\n<p>El sistema se desplaza en direcci\u00f3n nornoroeste a 20 kil\u00f3metros por hora, y se espera \u00abun adicional fortalecimiento de la tormenta en las pr\u00f3ximas 24 horas, seguido de un ligero debilitamiento el mi\u00e9rcoles\u00bb, se\u00f1alaron los meteor\u00f3logos del CNH.<\/p>\n<p>Los vientos cortantes en las capas superiores son obst\u00e1culo para que el sistema cicl\u00f3nico contin\u00fae intensific\u00e1ndose, y Ida podr\u00eda tornarse estacionaria ma\u00f1ana.<\/p>\n<p>En la presente temporada de huracanes en el Atl\u00e1ntico se han formado nueve tormentas tropicales: Ana, Bill, Claudette, Danny -esta transformada en el primer hurac\u00e1n de categor\u00eda mayor (3) de la temporada-, Erika, Fred -un hurac\u00e1n de categor\u00eda 1-, Grace, Henry e Ida.<\/p>\n<\/div>\n","protected":false},"excerpt":{"rendered":"<p>EFE Miami (EE.UU.) Ida, la novena tormenta tropical de la actual temporada de huracanes en la cuenca atl\u00e1ntica, se fortaleci\u00f3 hoy al subir sus vientos m\u00e1ximos sostenidos a 85 kil\u00f3metros por hora en aguas abiertas al norte de las Antillas Menores. El Centro Nacional de Huracanes (CNH) de Estados Unidos indic\u00f3 en su bolet\u00edn m\u00e1s [&hellip;]<\/p>\n","protected":false},"author":7,"featured_media":25166,"comment_status":"open","ping_status":"open","sticky":false,"template":"","format":"standard","meta":{"footnotes":""},"categories":[40],"tags":[],"class_list":["post-25165","post","type-post","status-publish","format-standard","has-post-thumbnail","hentry","category-internacionales"],"_links":{"self":[{"href":"https:\/\/2horizontes.com\/index.php?rest_route=\/wp\/v2\/posts\/25165","targetHints":{"allow":["GET"]}}],"collection":[{"href":"https:\/\/2horizontes.com\/index.php?rest_route=\/wp\/v2\/posts"}],"about":[{"href":"https:\/\/2horizontes.com\/index.php?rest_route=\/wp\/v2\/types\/post"}],"author":[{"embeddable":true,"href":"https:\/\/2horizontes.com\/index.php?rest_route=\/wp\/v2\/users\/7"}],"replies":[{"embeddable":true,"href":"https:\/\/2horizontes.com\/index.php?rest_route=%2Fwp%2Fv2%2Fcomments&post=25165"}],"version-history":[{"count":1,"href":"https:\/\/2horizontes.com\/index.php?rest_route=\/wp\/v2\/posts\/25165\/revisions"}],"predecessor-version":[{"id":25167,"href":"https:\/\/2horizontes.com\/index.php?rest_route=\/wp\/v2\/posts\/25165\/revisions\/25167"}],"wp:featuredmedia":[{"embeddable":true,"href":"https:\/\/2horizontes.com\/index.php?rest_route=\/wp\/v2\/media\/25166"}],"wp:attachment":[{"href":"https:\/\/2horizontes.com\/index.php?rest_route=%2Fwp%2Fv2%2Fmedia&parent=25165"}],"wp:term":[{"taxonomy":"category","embeddable":true,"href":"https:\/\/2horizontes.com\/index.php?rest_route=%2Fwp%2Fv2%2Fcategories&post=25165"},{"taxonomy":"post_tag","embeddable":true,"href":"https:\/\/2horizontes.com\/index.php?rest_route=%2Fwp%2Fv2%2Ftags&post=25165"}],"curies":[{"name":"wp","href":"https:\/\/api.w.org\/{rel}","templated":true}]}}