{"id":25106,"date":"2015-09-21T19:11:13","date_gmt":"2015-09-21T18:11:13","guid":{"rendered":"http:\/\/2horizontes.com\/?p=25106"},"modified":"2015-09-21T19:11:13","modified_gmt":"2015-09-21T18:11:13","slug":"la-prision-en-la-tercera-edad-rd","status":"publish","type":"post","link":"https:\/\/2horizontes.com\/?p=25106","title":{"rendered":"La prisi\u00f3n en la tercera edad RD"},"content":{"rendered":"<div id=\"ArticleBody\">\n<p>\u201cPreso uno no est\u00e1 bien\u201d, afirma Antonio Mart\u00ednez desde el centro donde est\u00e1 privado de\u00a0 libertad, a sus 85 a\u00f1os de edad.<\/p>\n<p>Lleva seis a\u00f1os en presidio. Ingres\u00f3 cuando ten\u00eda 79 a\u00f1os de edad. Fue condenado, por homicidio, a 15 a\u00f1os de reclusi\u00f3n\u00a0 y a 15 en un asilo.<\/p>\n<p>Ahora guarda prisi\u00f3n en el Centro Especial para Envejecientes, de Haras Nacionales, en La Victoria.<\/p>\n<p>Desconoce a qu\u00e9 hogar ir\u00e1 cuando salga del centro. Solo sabe que est\u00e1 completando los 15 a\u00f1os de encierro, pero cree, o al menos abriga la esperanza,\u00a0\u00a0 de que despu\u00e9s lo enviar\u00e1n a su casa.<\/p>\n<p>\u201cTiene que ser para mi casa, porque pa`d\u00f3nde me pueden mand\u00e1, ya un viejo que no trabaja y que no hago de na\u2019 \u201d, comenta.<\/p>\n<p>Dice que despu\u00e9s de entrar a prisi\u00f3n no ha podido dar un\u00a0 golpe.\u00a0 Ahora aconseja a la gente evitar incurrir en errores que les pueda llevar a un penal, porque,\u00a0 insiste,\u00a0 \u201cnunca uno preso est\u00e1 bien\u201d.\u00a0\u00a0 Lamenta la tragedia que lo llev\u00f3 a la c\u00e1rcel, pues ahora razona que debi\u00f3 haberlo evitado.\u00a0\u00a0 Es el recluso de mayor edad en el centro especial de Haras Nacionales.<\/p>\n<p>Antes de caer preso trabajaba agricultura, pero ahora, asegura,\u00a0 a su edad ya no puede realizar esa actividad.<\/p>\n<p>En su natal Yamas\u00e1\u00a0 incurri\u00f3 en el delito de homicidio, por lo cual, primero, lo enviaron a la c\u00e1rcel de Monte Plata, donde dur\u00f3 m\u00e1s de cinco a\u00f1os.<\/p>\n<p>Tiene 11 hijos. Algunos lo visitan los s\u00e1bado. Padece de dolores en los ri\u00f1ones, pero expresa que cuando presenta ese malestar va al dispensario m\u00e9dico, donde lo medican, y se mejora.<\/p>\n<p>El caso de Mart\u00ednez pone al desnudo la angustia de permanecer privado de libertad\u00a0 en la \u00faltima fase de la vida.<\/p>\n<p>En el pa\u00eds,\u00a0 unos 154 adultos mayores, con edades de entre 60 y\u00a0 85 a\u00f1os, guardan prisi\u00f3n en diversos centros de correcci\u00f3n.<\/p>\n<p>Cumplen penas\u00a0 de entre 20 a 30 a\u00f1os de prisi\u00f3n.<\/p>\n<p>Algunos llegaron a la c\u00e1rcel en edad avanzada.\u00a0 Otros envejecieron all\u00ed.\u00a0 Por lo general sufren de hipertensi\u00f3n y diabetes.<\/p>\n<p>La Ley 352-98 sobre Protecci\u00f3n de la Persona Envejeciente considera un ciudadano en esa etapa a toda persona de 65 a\u00f1os, o de menos, que\u00a0 debido al proceso de envejecimiento, experimente cambios progresivos\u00a0 en el \u00e1mbito psicol\u00f3gico, biol\u00f3gico, social y material.<\/p>\n<p><strong>\u00a0Ans\u00eda libertad<\/strong><br \/>\nRafael Ar\u00edstides Matos, de 66 a\u00f1os,\u00a0 est\u00e1 deseoso de recobrar su libertad.\u00a0 Confiesa que le ha ido mal durante el tiempo que ha estado en\u00a0 prisi\u00f3n.<\/p>\n<p>\u201cYo lo que quiero es irme de aqu\u00ed\u201d,\u00a0 enfatiza Matos, quien lleva la cuenta del tiempo que le falta. Asegura que terminar\u00e1 su condena el 26 de septiembre del pr\u00f3ximo a\u00f1o, pese a que, seg\u00fan se inform\u00f3, padece trastornos mentales.<\/p>\n<p>Nativo de Duverg\u00e9,\u00a0 lleva 14 a\u00f1os\u00a0 en reclusi\u00f3n cumpliendo una condena de 15 a\u00f1os. Solo le falta uno pra recobrar su libertad.\u00a0\u00a0 Saldr\u00e1 a pena cumplida.<\/p>\n<p>Primero estuvo en la c\u00e1rcel La Victoria de donde fue trasladado\u00a0 al\u00a0 centro especial para envejecientes de Haras Nacionales.<\/p>\n<p>Aunque sabe que ahora est\u00e1 en un lugar\u00a0 con mejores condiciones y reconoce\u00a0 que lo tratan bien,\u00a0\u00a0 no le interesa hacer comparaciones. Y\u00a0 cuando se le pregunta c\u00f3mo se siente en ese nuevo ambiente,\u00a0 recalca, bajo sollozos: \u201cYo lo que quiero es cumplir mi condena para irme de aqu\u00ed\u201d.<\/p>\n<p>Tiene 8 hijos y 12 nietos.\u00a0 Prefiri\u00f3 que estos no fueran a visitarlo cuando estaba en La Victoria, para alejarlos de ese ambiente.\u00a0 \u201cEllos iban a la Victoria, pero yo le dije que no fueran, porque hay mucha gente fresca ah\u00ed\u201d, dice.<\/p>\n<p>Adem\u00e1s, manifiesta que el ambiente en La Victoria es paup\u00e9rrimo. Recuerda que ten\u00eda que entrar a su alojamiento a las 3 de la tarde.<\/p>\n<p>Recibe una pensi\u00f3n de una instituci\u00f3n p\u00fablica donde trabaj\u00f3. Dice que cuando salga\u00a0 de la c\u00e1rcel se internar\u00e1 en una cl\u00ednica, pues afirma que tiene \u201cun seguro full\u201d.<\/p>\n<p>Aunque accedio a narr\u00f3 su situaci\u00f3n, no quiso se le tomaran fotos. Cuando era enfocado, evad\u00eda y se ocultaba.\u00a0 Nicolasa Zapata\u00a0 no pudo contener las l\u00e1grimas. A sus 63 a\u00f1os est\u00e1 privada de libertad\u00a0 en el centro de correcci\u00f3n Sabana Toro, de San Crist\u00f3bal.\u00a0 La tristeza se apoder\u00f3 de ella cuando narraba que no\u00a0 pudo estar junto con sus hijas ni con su madre en los momentos en que \u00e9stos\u00a0 m\u00e1s la necesitaban, porque estaba privada de libertad.<\/p>\n<p>Condenada a 20 a\u00f1os de prisi\u00f3n, de los cuales ha cumplido\u00a0 12,\u00a0 recuerda con nostalgia que no pudo asistir al funeral de su madre, y que adem\u00e1s cuando falleci\u00f3 ten\u00eda 10 a\u00f1os que no la ve\u00eda.<\/p>\n<p>\u201cMi mam\u00e1 muri\u00f3 estando yo presa\u201d, enfatiza. Y\u00a0 de inmediato comienza a\u00a0 llorar, afectada por la tristeza que le embarga por esa situaci\u00f3n.<\/p>\n<p>Cuenta que tiene una hija que est\u00e1\u00a0 enferma, con complicaciones graves que han ameritado ser sometida a varias cirug\u00edas, a la cual tampoco ha podido ver ni ayudar.<\/p>\n<p>En esos momentos, comenta, es que anhela su libertad.<\/p>\n<p>Trata de aplacar la ansiedad de estar con sus\u00a0 hijos manteni\u00e9ndose\u00a0 ocupada, trabajando, tejiendo, leyendo la biblia, orando\u00d6, en fin, realizando diferentes actividades, para\u00a0 no pensar en el tiempo que le falta.<\/p>\n<p>\u201cNo me siento bien. Me siento ansiosa de estar con mis hijos, de verlos, de ense\u00f1arles cosas que he aprendido aqu\u00ed, ense\u00f1arles el camino correcto\u201d,\u00a0 sostiene.<\/p>\n<p>Manifiesta que el Se\u00f1or le ha dado fuerzas para mantenerse de pie.\u00a0\u00a0 Espera ser beneficiada con la libertad condicional, porque ha cumplido m\u00e1s de la\u00a0 mitad de la pena y se ha preparado.<\/p>\n<p>Expresa que en los momentos en que se ha \u201cdesplomado\u201d\u00a0 ha encontrado\u00a0 el apoyo del personal del centro y de las dem\u00e1s internas.<\/p>\n<p><strong>\u00a0Experiencia amarga<\/strong><br \/>\nMarta Gobaira, de 60 a\u00f1os, disipa el tiempo en prisi\u00f3n elaborando objetos con materiales reciclados, lo cual aprendi\u00f3\u00a0 en la misma c\u00e1rcel.<\/p>\n<p>Lleva 10 a\u00f1os y cuatro meses recluida, de una condena de 20 a\u00f1os. Sufre de diabetes y tiene una lesi\u00f3n y un desgarre cr\u00f3nico en la columna que le impide levantar objetos u otras cosas pesadas. Estas enfermedades las comenz\u00f3 a padecer despu\u00e9s de su ingreso a prisi\u00f3n.<\/p>\n<p>Ahora est\u00e1 en\u00a0 Sabana Toro, un centro abierto que le permite salir a realizar labores sociales y comunitarias. Antes estuvo tras las rejas\u00a0 en\u00a0 Najayo.<\/p>\n<p>No obstante las ense\u00f1anzas que ha recibido y los cursos realizados, la prisi\u00f3n ha constituido para ella \u201cuna experiencia amarga\u201d.<\/p>\n<p>\u201cPorque estar separada de mis hijos, cuando los he levantado sola, cuando los he encaminado y\u00a0 las circunstancias que se presentan cuando uno no est\u00e1 a la cabeza, es una experiencia amarga \u201d, lamenta.\u00a0 Tiene\u00a0 5 hijos y 14 nietos que le visitan cada uno o dos\u00a0 meses, por\u00a0 las precariedades econ\u00f3micas. Cuenta que una de sus hijas est\u00e1\u00a0 en estado de salud\u00a0 grave. \u201cMi hija est\u00e1 en un estado de vida o muerte; est\u00e1 en un proceso de parto de alto riesgo, donde se va a hacer\u00a0 una ces\u00e1rea pr\u00e1cticamente a vida o muerte; es el momento donde uno quiere estar como madre y que ellos sientan que si uno est\u00e1 ah\u00ed todo va a estar bien\u201d, indica.<\/p>\n<p>Se dedicaba a la venta de pan, supliendo colmados, con lo cual manten\u00eda a sus hijos como madre soltera.\u00a0 Consciente de que la prisi\u00f3n\u00a0 la separ\u00f3 de sus hijos, recomienda a las personas que se integren m\u00e1s a sus hijos y a sus familias, que se dediquen a encaminarlos, \u201cporque se\u00a0 sabe lo que pasa hoy, pero no lo que pasar\u00e1 ma\u00f1ana\u201d. Y agrega: \u201cSi yo no\u00a0 hubiera dedicado mi vida a mis hijos yo me hubiera muerto en la c\u00e1rcel, porque gasto mucho de medicina en lo que estoy privada de libertad;\u00a0 son ellos los que ayudan\u201d, dice.<\/p>\n<p><strong>\u00a0Un sistema melanc\u00f3lico<\/strong><br \/>\n\u201cYo he sufrido mucho, he padecido mucha enfermedad aqu\u00ed dentro\u201d,\u00a0 dice Roberto Mota Segura, de 63 a\u00f1os,\u00a0 y 21 en reclusi\u00f3n. Cumple una\u00a0 condena de 30 a\u00f1os, por homicidio.<\/p>\n<p>Sostiene que estar preso es un sistema melanc\u00f3lico, aunque dice que est\u00e1 resignado a enfrentar las consecuencias de su error.\u00a0 \u201cYo me siento conforme, porque en realidad hay que tener valor para todo, porque si comet\u00ed mi error\u00a0 estoy pagando un precio por ese error\u201d, agrega.<\/p>\n<p>De Fundaci\u00f3n, Barahona,\u00a0 a\u00f1ora el\u00a0 pescado con coco, lo cual no come desde que est\u00e1 preso. Recuerda los d\u00edas\u00a0 que pas\u00f3 en La Victoria,\u00a0 antes de ser trasladado a Haras Nacionales. \u201cEn la Victoria, todo el que entra tiene que convertirse en fiera, porque si no se lo comen los m\u00e1s r\u00e1pidos\u201d, afirma. En esa c\u00e1rcel lo atracaban para quitarle el dinero que produc\u00eda,\u00a0 por lo que,\u00a0 manifesta, tuvo que aprender a sobrevivir.<\/p>\n<p>Su esposa muri\u00f3 cuando \u00e9l ya ten\u00eda 10 a\u00f1os en la c\u00e1rcel y no pudo asistir a los actos f\u00fanebres. Sus dos hijos no van a verlo, pero dice que le mandan dinero.\u00a0 \u201cMi reflexi\u00f3n yo la tengo desde hace mucho:\u00a0 meditar cuando uno da los pasos al rev\u00e9s; en realidad los fracasos no son buenos\u201d, concluye.<\/p>\n<\/div>\n<div><\/div>\n<p>&nbsp;<\/p>\n","protected":false},"excerpt":{"rendered":"<p>\u201cPreso uno no est\u00e1 bien\u201d, afirma Antonio Mart\u00ednez desde el centro donde est\u00e1 privado de\u00a0 libertad, a sus 85 a\u00f1os de edad. Lleva seis a\u00f1os en presidio. Ingres\u00f3 cuando ten\u00eda 79 a\u00f1os de edad. Fue condenado, por homicidio, a 15 a\u00f1os de reclusi\u00f3n\u00a0 y a 15 en un asilo. Ahora guarda prisi\u00f3n en el Centro [&hellip;]<\/p>\n","protected":false},"author":8,"featured_media":25107,"comment_status":"open","ping_status":"open","sticky":false,"template":"","format":"standard","meta":{"footnotes":""},"categories":[44],"tags":[],"class_list":["post-25106","post","type-post","status-publish","format-standard","has-post-thumbnail","hentry","category-republica-dominicana"],"_links":{"self":[{"href":"https:\/\/2horizontes.com\/index.php?rest_route=\/wp\/v2\/posts\/25106","targetHints":{"allow":["GET"]}}],"collection":[{"href":"https:\/\/2horizontes.com\/index.php?rest_route=\/wp\/v2\/posts"}],"about":[{"href":"https:\/\/2horizontes.com\/index.php?rest_route=\/wp\/v2\/types\/post"}],"author":[{"embeddable":true,"href":"https:\/\/2horizontes.com\/index.php?rest_route=\/wp\/v2\/users\/8"}],"replies":[{"embeddable":true,"href":"https:\/\/2horizontes.com\/index.php?rest_route=%2Fwp%2Fv2%2Fcomments&post=25106"}],"version-history":[{"count":1,"href":"https:\/\/2horizontes.com\/index.php?rest_route=\/wp\/v2\/posts\/25106\/revisions"}],"predecessor-version":[{"id":25109,"href":"https:\/\/2horizontes.com\/index.php?rest_route=\/wp\/v2\/posts\/25106\/revisions\/25109"}],"wp:featuredmedia":[{"embeddable":true,"href":"https:\/\/2horizontes.com\/index.php?rest_route=\/wp\/v2\/media\/25107"}],"wp:attachment":[{"href":"https:\/\/2horizontes.com\/index.php?rest_route=%2Fwp%2Fv2%2Fmedia&parent=25106"}],"wp:term":[{"taxonomy":"category","embeddable":true,"href":"https:\/\/2horizontes.com\/index.php?rest_route=%2Fwp%2Fv2%2Fcategories&post=25106"},{"taxonomy":"post_tag","embeddable":true,"href":"https:\/\/2horizontes.com\/index.php?rest_route=%2Fwp%2Fv2%2Ftags&post=25106"}],"curies":[{"name":"wp","href":"https:\/\/api.w.org\/{rel}","templated":true}]}}