{"id":25083,"date":"2015-09-21T18:15:33","date_gmt":"2015-09-21T17:15:33","guid":{"rendered":"http:\/\/2horizontes.com\/?p=25083"},"modified":"2015-09-21T18:15:33","modified_gmt":"2015-09-21T17:15:33","slug":"temor-por-dengue-en-los-majaos-a-raiz-de-la-muerte-de-nina-de-3-anos-rd","status":"publish","type":"post","link":"https:\/\/2horizontes.com\/?p=25083","title":{"rendered":"Temor por dengue en Los Majaos a ra\u00edz de la muerte de ni\u00f1a de 3 a\u00f1os RD"},"content":{"rendered":"<p><strong>RD-SAN JUAN<\/strong>\u2013\u00a0A varios d\u00edas despu\u00e9s de la muerte de una ni\u00f1a por dengue en el sector Los Majaos, en San Juan, sus moradores esperan\u00a0 la presencia de las autoridades de salud.<\/p>\n<p>Manifestaron que los s\u00edntomas de la enfermedad contin\u00faan presentes\u00a0 especialmente en los menores de edad.<\/p>\n<p>En una sola casa hay cuatro infantes afectados con fiebre desde hace varios d\u00edas.<\/p>\n<p>La Madre de Yafreisi Mateo a\u00fan no se repone por la p\u00e9rdida de su ni\u00f1a, de quien los m\u00e9dicos confirmaron que ten\u00eda la enfermedad provocada por el mosquito\u00a0Aedes aegypti.<\/p>\n<p>Esperan la presencia de las autoridades de salud p\u00fablica para que como especialista de la salud intervengan la zona.\u00a0Atribuyen el brote de fiebre a las aguas residuales que corre por el desag\u00fce fruto de problemas en el sistema pluvial.<\/p>\n<p>Expresaron su temor a que como la menor de tres a\u00f1os sigan muriendo personas por el dengue en el barrio los mojaos.<\/p>\n","protected":false},"excerpt":{"rendered":"<p>RD-SAN JUAN\u2013\u00a0A varios d\u00edas despu\u00e9s de la muerte de una ni\u00f1a por dengue en el sector Los Majaos, en San Juan, sus moradores esperan\u00a0 la presencia de las autoridades de salud. Manifestaron que los s\u00edntomas de la enfermedad contin\u00faan presentes\u00a0 especialmente en los menores de edad. En una sola casa hay cuatro infantes afectados con [&hellip;]<\/p>\n","protected":false},"author":8,"featured_media":25084,"comment_status":"open","ping_status":"open","sticky":false,"template":"","format":"standard","meta":{"footnotes":""},"categories":[53,44,45],"tags":[],"class_list":["post-25083","post","type-post","status-publish","format-standard","has-post-thumbnail","hentry","category-provincias","category-republica-dominicana","category-salud"],"_links":{"self":[{"href":"https:\/\/2horizontes.com\/index.php?rest_route=\/wp\/v2\/posts\/25083","targetHints":{"allow":["GET"]}}],"collection":[{"href":"https:\/\/2horizontes.com\/index.php?rest_route=\/wp\/v2\/posts"}],"about":[{"href":"https:\/\/2horizontes.com\/index.php?rest_route=\/wp\/v2\/types\/post"}],"author":[{"embeddable":true,"href":"https:\/\/2horizontes.com\/index.php?rest_route=\/wp\/v2\/users\/8"}],"replies":[{"embeddable":true,"href":"https:\/\/2horizontes.com\/index.php?rest_route=%2Fwp%2Fv2%2Fcomments&post=25083"}],"version-history":[{"count":1,"href":"https:\/\/2horizontes.com\/index.php?rest_route=\/wp\/v2\/posts\/25083\/revisions"}],"predecessor-version":[{"id":25085,"href":"https:\/\/2horizontes.com\/index.php?rest_route=\/wp\/v2\/posts\/25083\/revisions\/25085"}],"wp:featuredmedia":[{"embeddable":true,"href":"https:\/\/2horizontes.com\/index.php?rest_route=\/wp\/v2\/media\/25084"}],"wp:attachment":[{"href":"https:\/\/2horizontes.com\/index.php?rest_route=%2Fwp%2Fv2%2Fmedia&parent=25083"}],"wp:term":[{"taxonomy":"category","embeddable":true,"href":"https:\/\/2horizontes.com\/index.php?rest_route=%2Fwp%2Fv2%2Fcategories&post=25083"},{"taxonomy":"post_tag","embeddable":true,"href":"https:\/\/2horizontes.com\/index.php?rest_route=%2Fwp%2Fv2%2Ftags&post=25083"}],"curies":[{"name":"wp","href":"https:\/\/api.w.org\/{rel}","templated":true}]}}