{"id":24962,"date":"2015-09-19T21:00:56","date_gmt":"2015-09-19T20:00:56","guid":{"rendered":"http:\/\/2horizontes.com\/?p=24962"},"modified":"2015-09-19T21:00:56","modified_gmt":"2015-09-19T20:00:56","slug":"raul-castro-hablo-por-telefono-con-obama-sobre-medidas-de-alivio-del-embargo","status":"publish","type":"post","link":"https:\/\/2horizontes.com\/?p=24962","title":{"rendered":"Ra\u00fal Castro habl\u00f3 por tel\u00e9fono con Obama sobre medidas de alivio del embargo"},"content":{"rendered":"<div id=\"ArticleAuthorDiv\" class=\"article-body-author\"><b>EFE<\/b><\/div>\n<div id=\"ArticleSourceDiv\" class=\"article-body-author\"><b>La Habana<\/b><\/div>\n<div id=\"ArticleBody\">\n<p>El presidente de Cuba, Ra\u00fal Castro, convers\u00f3 ayer telef\u00f3nicamente con su hom\u00f3logo de EE.UU., Barack Obama, sobre diversos asuntos, entre ellos el levantamiento de sanciones al comercio y viajes que alivian el embargo sobre la isla anunciado este viernes.<\/p>\n<p>\u00abEl presidente Ra\u00fal Castro recalc\u00f3 la necesidad de profundizar\u00bb el alcance de esas medidas \u00aby de eliminar definitivamente la pol\u00edtica de bloqueo en beneficio de ambos pueblos\u00bb, se\u00f1ala un comunicado oficial divulgado en La Habana.<\/p>\n<p>El Gobierno de EE.UU. anunci\u00f3 hoy una nueva relajaci\u00f3n de los impedimentos a los viajes y el comercio con Cuba, que incluyen la autorizaci\u00f3n con ciertas condiciones de brindar servicios de telecomunicaciones y de abrir cuentas bancarias y negocios en la isla.<\/p>\n<p>En la conversaci\u00f3n, que tuvo lugar esta tarde, Castro y Obama hablaron sobre los \u00abpasos dados\u00bb desde su hist\u00f3rica y hasta la fecha \u00fanica reuni\u00f3n en la pasada Cumbre de las Am\u00e9ricas en Panam\u00e1, la reapertura de embajadas en La Habana y Washington y la agenda de temas que ambos pa\u00edses tratar\u00e1n en los pr\u00f3ximos meses para la normalizaci\u00f3n de relaciones.<\/p>\n<p>En la v\u00edspera de la visita del Papa Francisco a Cuba y a Estados Unidos, los mandatarios de ambos pa\u00edses reconocieron la contribuci\u00f3n del pont\u00edfice \u00abal inicio de una nueva etapa en las relaciones entre los dos pa\u00edses\u00bb.<\/p>\n<p>Ra\u00fal Castro, seg\u00fan la nota oficial, ratific\u00f3 al presidente Obama la voluntad de Cuba de avanzar en las relaciones con los Estados Unidos, sobre la base del respeto y la igualdad soberana.<\/p>\n<p>La conversaci\u00f3n entre Castro y Obama se produce a pocos d\u00edas de la visita del presidente cubano a Nueva York, entre los d\u00edas 25 y 28 de septiembre, donde participar\u00e1 por primera vez en la Asamblea General de Naciones Unidas.<\/p>\n<\/div>\n","protected":false},"excerpt":{"rendered":"<p>EFE La Habana El presidente de Cuba, Ra\u00fal Castro, convers\u00f3 ayer telef\u00f3nicamente con su hom\u00f3logo de EE.UU., Barack Obama, sobre diversos asuntos, entre ellos el levantamiento de sanciones al comercio y viajes que alivian el embargo sobre la isla anunciado este viernes. \u00abEl presidente Ra\u00fal Castro recalc\u00f3 la necesidad de profundizar\u00bb el alcance de esas [&hellip;]<\/p>\n","protected":false},"author":7,"featured_media":24963,"comment_status":"open","ping_status":"open","sticky":false,"template":"","format":"standard","meta":{"footnotes":""},"categories":[49,40,43],"tags":[],"class_list":["post-24962","post","type-post","status-publish","format-standard","has-post-thumbnail","hentry","category-cuba","category-internacionales","category-politica"],"_links":{"self":[{"href":"https:\/\/2horizontes.com\/index.php?rest_route=\/wp\/v2\/posts\/24962","targetHints":{"allow":["GET"]}}],"collection":[{"href":"https:\/\/2horizontes.com\/index.php?rest_route=\/wp\/v2\/posts"}],"about":[{"href":"https:\/\/2horizontes.com\/index.php?rest_route=\/wp\/v2\/types\/post"}],"author":[{"embeddable":true,"href":"https:\/\/2horizontes.com\/index.php?rest_route=\/wp\/v2\/users\/7"}],"replies":[{"embeddable":true,"href":"https:\/\/2horizontes.com\/index.php?rest_route=%2Fwp%2Fv2%2Fcomments&post=24962"}],"version-history":[{"count":1,"href":"https:\/\/2horizontes.com\/index.php?rest_route=\/wp\/v2\/posts\/24962\/revisions"}],"predecessor-version":[{"id":24964,"href":"https:\/\/2horizontes.com\/index.php?rest_route=\/wp\/v2\/posts\/24962\/revisions\/24964"}],"wp:featuredmedia":[{"embeddable":true,"href":"https:\/\/2horizontes.com\/index.php?rest_route=\/wp\/v2\/media\/24963"}],"wp:attachment":[{"href":"https:\/\/2horizontes.com\/index.php?rest_route=%2Fwp%2Fv2%2Fmedia&parent=24962"}],"wp:term":[{"taxonomy":"category","embeddable":true,"href":"https:\/\/2horizontes.com\/index.php?rest_route=%2Fwp%2Fv2%2Fcategories&post=24962"},{"taxonomy":"post_tag","embeddable":true,"href":"https:\/\/2horizontes.com\/index.php?rest_route=%2Fwp%2Fv2%2Ftags&post=24962"}],"curies":[{"name":"wp","href":"https:\/\/api.w.org\/{rel}","templated":true}]}}