{"id":24943,"date":"2015-09-19T20:12:21","date_gmt":"2015-09-19T19:12:21","guid":{"rendered":"http:\/\/2horizontes.com\/?p=24943"},"modified":"2015-09-19T20:34:46","modified_gmt":"2015-09-19T19:34:46","slug":"se-normaliza-situacion-en-zona-afectada-por-terremoto-en-chile-aunque-persisten-danos","status":"publish","type":"post","link":"https:\/\/2horizontes.com\/?p=24943","title":{"rendered":"Se normaliza situaci\u00f3n en zona afectada por terremoto en Chile, aunque persisten da\u00f1os"},"content":{"rendered":"<div id=\"ArticleAuthorDiv\" class=\"article-body-author\"><b>EFE<\/b><\/div>\n<div id=\"ArticleSourceDiv\" class=\"article-body-author\"><b>Tongoy\/Santiago de Chile<\/b><\/div>\n<div id=\"ArticleBody\">\n<p>La situaci\u00f3n en la zona del norte de Chile afectada por el terremoto del pasado mi\u00e9rcoles se empez\u00f3 a normalizar a medida que los equipos de ayuda, los vecinos y algunos voluntarios trabajan en la remoci\u00f3n de escombros, limpieza de calles y viviendas y el restablecimiento de los servicios b\u00e1sicos.<\/p>\n<p>Superada la fase de la emergencia, las autoridades se abocan ahora a restablecer el tr\u00e1nsito en las carreteras comarcales y garantizar el suministro de electricidad y agua potable en las localidades que resultaron m\u00e1s da\u00f1adas.<\/p>\n<p>\u00abSea lo que cueste, vamos a asumir los costos de la reconstrucci\u00f3n\u00bb, anticip\u00f3 hoy la presidenta, Michelle Bachelet, en declaraciones a la prensa.<\/p>\n<p>La mandataria despejaba as\u00ed los temores surgidos en algunos sectores ante la posibilidad de que el Gobierno pudiera tener problemas para disponer de los recursos necesarios para la reconstrucci\u00f3n, debido a la disminuci\u00f3n de los ingresos por la desaceleraci\u00f3n econ\u00f3mica y al hecho de que ya van ocho cat\u00e1strofes en a\u00f1o y medio.<\/p>\n<p>El ministro de Hacienda, Rodrigo Vald\u00e9s, tambi\u00e9n reiter\u00f3 que existen los recursos suficientes para levantar la zona destruida por el terremoto.<\/p>\n<p>El sismo, que azot\u00f3 las regiones de Coquimbo, O&#8217;Higgins y Valpara\u00edso, ha provocado ya 12 muertos, 5 desaparecidos, 642 damnificados y cuantiosas p\u00e9rdidas materiales, seg\u00fan el \u00faltimo balance de la Oficina Nacional de Emergencia.<\/p>\n<p>Para los vecinos de localidades como Tongoy, Los Vilos, Conc\u00f3n, Salamanca, Illapel, Coquimbo y Combarbal\u00e1, la principal preocupaci\u00f3n ahora es recuperar sus viviendas, enseres y medios de trabajo, y volver cuanto antes a la vida normal.<\/p>\n<p>Seg\u00fan datos oficiales, un total de 62 viviendas han quedado totalmente destruidas y 192 presentan graves da\u00f1os.<\/p>\n<p>Respecto a los servicios b\u00e1sicos, 9.070 personas permanecen sin agua potable y 34.009, sin electricidad.<\/p>\n<p>\u00abTodav\u00eda tenemos 30.000 hogares sin luz, pero durante el d\u00eda quedar\u00e1 restablecido el suministro el\u00e9ctrico en toda la regi\u00f3n de Coquimbo\u00bb, asegur\u00f3 el ministro de Energ\u00eda, M\u00e1ximo Pacheco.<\/p>\n<p>Tras participar en la ceremonia ecum\u00e9nica del Ted\u00e9um por las fiestas patrias, la presidenta Bachelet mantuvo hoy una reuni\u00f3n con sus ministros y a continuaci\u00f3n viaj\u00f3 por segunda vez a la zona afectada para comprobar los da\u00f1os y supervisar los planes de ayuda.<\/p>\n<p>\u00abNo tenemos idea del monto (de inversi\u00f3n para la reconstrucci\u00f3n), porque lo que estamos terminando de hacer es evaluar la magnitud del da\u00f1o de borde costero por el tsunami y los da\u00f1os interiores por el terremoto\u00bb, explic\u00f3 la mandataria.<\/p>\n<p>Por su parte, la ministra de Salud, Carmen Castillo, hizo un llamamiento a la tranquilidad y aseguro que toda la red sanitaria esta funcionando con normalidad \u00a0\u00a0\u00a0\u00a0\u00a0\u00a0\u00a0\u00a0\u00a0\u00a0\u00a0\u00a0\u00a0\u00a0\u00a0\u00a0\u00a0 \u00a0\u00a0\u00a0\u00abLas estructuras sanitaria resistieron bien y podemos seguir dando la atenci\u00f3n que corresponde (&#8230;), en este momento no hay ning\u00fan tipo de peligro\u00bb, recalc\u00f3 la titular de Salud, quien anunci\u00f3 que habr\u00e1 vacunas para quienes trabajan en la remoci\u00f3n de escombros.<\/p>\n<p>El terremoto tuvo lugar justo al inicio de un fin de semana largo con motivo de fiestas patrias, en momentos en que cientos de miles de chilenos se preparaban para viajar.<\/p>\n<p>Sin embargo, la alerta de tsunami, que oblig\u00f3 a la evacuaci\u00f3n de un mill\u00f3n de personas durante la noche del pasado jueves, trunc\u00f3 muchos de esos planes.<\/p>\n<p>La subsecretaria de Turismo, Javiera Montes, se esforzaba hoy en pedir que la gente mantuviera sus planes de ocio, al insistir en que las carreteras y la capacidad hotelera del litoral central permanec\u00edan plenamente operativos.<\/p>\n<p>\u00abSe dijo que no se viajara por la alerta de tsunami, (pero) hoy d\u00eda la Ruta 5 (la autov\u00eda que recorre Chile de norte a sur) est\u00e1 totalmente abierta, se puede viajar por todo el borde costero\u00bb, puntualiz\u00f3 Montes.<\/p>\n<p>La subsecretaria de Turismo insisti\u00f3 en que todo est\u00e1 dispuesto para recibir a los turistas. \u00abEste es un momento de encuentro familiar y de fiestas patrias. Invito a todo el pa\u00eds a que disfrute con calma\u00bb, a\u00f1adi\u00f3.<\/p>\n<p>En tanto, el presidente de la Cruz Roja chilena, Patricio Acosta, lament\u00f3 el poco apoyo que -a diferencia de otras ocasiones- ha recibido esta organizaci\u00f3n no gubernamental con motivo de la cat\u00e1strofe en el norte.<\/p>\n<p>Acosta tambi\u00e9n dijo que le parec\u00eda ins\u00f3lito que la gente fuese a \u00abturistear\u00bb a la zona del desastre.<\/p>\n<p>Por su parte, el canciller Heraldo Mu\u00f1oz, destac\u00f3 que Naciones Unidas ha felicitado a Chile por su reacci\u00f3n tras el terremoto.<\/p>\n<p>En efecto, a diferencia de lo sucedido en el terremoto de febrero de 2010, la buena coordinaci\u00f3n entre el Servicio Sismol\u00f3gico de la Universidad de Chile y el Servicio Hidrogr\u00e1fico y Oceanogr\u00e1fico de la Armada permiti\u00f3 que a los ocho minutos del temblor se alertase del peligro de tsunami y las autoridades ordenasen la evacuaci\u00f3n inmediata de todo el litoral.<\/p>\n<\/div>\n","protected":false},"excerpt":{"rendered":"<p>EFE Tongoy\/Santiago de Chile La situaci\u00f3n en la zona del norte de Chile afectada por el terremoto del pasado mi\u00e9rcoles se empez\u00f3 a normalizar a medida que los equipos de ayuda, los vecinos y algunos voluntarios trabajan en la remoci\u00f3n de escombros, limpieza de calles y viviendas y el restablecimiento de los servicios b\u00e1sicos. Superada [&hellip;]<\/p>\n","protected":false},"author":7,"featured_media":24945,"comment_status":"open","ping_status":"open","sticky":false,"template":"","format":"standard","meta":{"footnotes":""},"categories":[40],"tags":[],"class_list":["post-24943","post","type-post","status-publish","format-standard","has-post-thumbnail","hentry","category-internacionales"],"_links":{"self":[{"href":"https:\/\/2horizontes.com\/index.php?rest_route=\/wp\/v2\/posts\/24943","targetHints":{"allow":["GET"]}}],"collection":[{"href":"https:\/\/2horizontes.com\/index.php?rest_route=\/wp\/v2\/posts"}],"about":[{"href":"https:\/\/2horizontes.com\/index.php?rest_route=\/wp\/v2\/types\/post"}],"author":[{"embeddable":true,"href":"https:\/\/2horizontes.com\/index.php?rest_route=\/wp\/v2\/users\/7"}],"replies":[{"embeddable":true,"href":"https:\/\/2horizontes.com\/index.php?rest_route=%2Fwp%2Fv2%2Fcomments&post=24943"}],"version-history":[{"count":1,"href":"https:\/\/2horizontes.com\/index.php?rest_route=\/wp\/v2\/posts\/24943\/revisions"}],"predecessor-version":[{"id":24946,"href":"https:\/\/2horizontes.com\/index.php?rest_route=\/wp\/v2\/posts\/24943\/revisions\/24946"}],"wp:featuredmedia":[{"embeddable":true,"href":"https:\/\/2horizontes.com\/index.php?rest_route=\/wp\/v2\/media\/24945"}],"wp:attachment":[{"href":"https:\/\/2horizontes.com\/index.php?rest_route=%2Fwp%2Fv2%2Fmedia&parent=24943"}],"wp:term":[{"taxonomy":"category","embeddable":true,"href":"https:\/\/2horizontes.com\/index.php?rest_route=%2Fwp%2Fv2%2Fcategories&post=24943"},{"taxonomy":"post_tag","embeddable":true,"href":"https:\/\/2horizontes.com\/index.php?rest_route=%2Fwp%2Fv2%2Ftags&post=24943"}],"curies":[{"name":"wp","href":"https:\/\/api.w.org\/{rel}","templated":true}]}}