{"id":24814,"date":"2015-09-18T14:52:26","date_gmt":"2015-09-18T13:52:26","guid":{"rendered":"http:\/\/2horizontes.com\/?p=24814"},"modified":"2015-09-18T14:52:26","modified_gmt":"2015-09-18T13:52:26","slug":"gobierno-entrega-310-millones-para-iniciar-obras-en-la-altagracia","status":"publish","type":"post","link":"https:\/\/2horizontes.com\/?p=24814","title":{"rendered":"Gobierno entrega 310 millones para iniciar obras en La Altagracia"},"content":{"rendered":"<p>RD- SANTO DOMINGO- (EFE).- El ministro Administrativo de la Presidencia, Jos\u00e9 Ram\u00f3n Peralta, entreg\u00f3 este jueves un cheque de 310 millones de pesos para la construcci\u00f3n de obras solicitadas por comunitarios de la provincia La Altagracia.<\/p>\n<p>Peralta entreg\u00f3 los fondos al ministro de Obras P\u00fablicas, Gonzalo Castillo, quien a su vez se encarg\u00f3 de hacer la distribuci\u00f3n de los mismos durante un acto realizado en la Gobernaci\u00f3n de Hig\u00fcey, seg\u00fan destac\u00f3 la Direcci\u00f3n General de Comunicaci\u00f3n (Dicom).<\/p>\n<p>Gonzalo Castillo precis\u00f3 que ese es el primer aporte que hace el Gobierno para el inicio de varias obras demandadas por los comunitarios de la provincia La Altagracia, cuya construcci\u00f3n comenzar\u00e1 la pr\u00f3xima semana.<\/p>\n<p>Entre los trabajos a realizar figura la construcci\u00f3n de 25 kil\u00f3metros de asfaltado en las calles del municipio de Hig\u00fcey, 10 kil\u00f3metros de caminos vecinales en diferentes municipios de la provincia, el nuevo puente de Villa Cerro y la reconstrucci\u00f3n de la vieja estructura vial.<\/p>\n<p>Tambi\u00e9n contempla la terminaci\u00f3n del acueducto de la localidad, la ampliaci\u00f3n de la autopista del Coral en 10 kil\u00f3metros, as\u00ed como la construcci\u00f3n de los caminos vecinales desde el municipio de Santana, pasando por Hato del Mar hasta llegar a Santa Clara y de all\u00ed hasta la localidad de Mata Chalupa.<\/p>\n<p>De su lado, el ministro Peralta destac\u00f3 que La Altagracia es una de las comunidades en las que m\u00e1s ha invertido el Gobierno, como forma de proteger su potencial tur\u00edstico y la empleoman\u00eda en la zona.<\/p>\n<p>\u201cSe tiene que proteger la provincia, porque hay que cuidar el turismo, debido a que proporciona muchos empleos\u201d, precis\u00f3 el funcionario, de acuerdo a la informaci\u00f3n.<\/p>\n<p>El ministro Administrativo resalt\u00f3 que las referidas obras forman parte de las necesidades m\u00e1s prioritarias de la provincia, las cuales fueron expuestas al presidente Danilo Medina durante una visita que hiciera una comisi\u00f3n provincial al Palacio Nacional.<\/p>\n<p>Mientras que monse\u00f1or Gregorio Nicanor Pe\u00f1a, obispo de la di\u00f3cesis de Hig\u00fcey, agradeci\u00f3 la entrega de los fondos, en nombre del comit\u00e9 que visit\u00f3 al jefe de Estado, del que forman parte el senador de la provincia Amable Aristy Castro; la alcaldesa, Carmen Magdalena Aristy y el gobernador provincial, Ram\u00f3n G\u00fc\u00edlamo, todos presentes en el acto.<\/p>\n<p>Asimismo, el ministro de Obras P\u00fablicas, Gonzalo castillo, aclar\u00f3 que una parte de las obras ser\u00e1n iniciadas de inmediato, mientras que otras ser\u00e1n sometidas a licitaci\u00f3n: \u201cporque el Gobierno trabaja con transparencia y hace las cosas como Dios manda\u201d.EFE<\/p>\n","protected":false},"excerpt":{"rendered":"<p>RD- SANTO DOMINGO- (EFE).- El ministro Administrativo de la Presidencia, Jos\u00e9 Ram\u00f3n Peralta, entreg\u00f3 este jueves un cheque de 310 millones de pesos para la construcci\u00f3n de obras solicitadas por comunitarios de la provincia La Altagracia. Peralta entreg\u00f3 los fondos al ministro de Obras P\u00fablicas, Gonzalo Castillo, quien a su vez se encarg\u00f3 de hacer [&hellip;]<\/p>\n","protected":false},"author":8,"featured_media":24820,"comment_status":"open","ping_status":"open","sticky":false,"template":"","format":"standard","meta":{"footnotes":""},"categories":[63,43,53,44],"tags":[],"class_list":["post-24814","post","type-post","status-publish","format-standard","has-post-thumbnail","hentry","category-economia","category-politica","category-provincias","category-republica-dominicana"],"_links":{"self":[{"href":"https:\/\/2horizontes.com\/index.php?rest_route=\/wp\/v2\/posts\/24814","targetHints":{"allow":["GET"]}}],"collection":[{"href":"https:\/\/2horizontes.com\/index.php?rest_route=\/wp\/v2\/posts"}],"about":[{"href":"https:\/\/2horizontes.com\/index.php?rest_route=\/wp\/v2\/types\/post"}],"author":[{"embeddable":true,"href":"https:\/\/2horizontes.com\/index.php?rest_route=\/wp\/v2\/users\/8"}],"replies":[{"embeddable":true,"href":"https:\/\/2horizontes.com\/index.php?rest_route=%2Fwp%2Fv2%2Fcomments&post=24814"}],"version-history":[{"count":1,"href":"https:\/\/2horizontes.com\/index.php?rest_route=\/wp\/v2\/posts\/24814\/revisions"}],"predecessor-version":[{"id":24824,"href":"https:\/\/2horizontes.com\/index.php?rest_route=\/wp\/v2\/posts\/24814\/revisions\/24824"}],"wp:featuredmedia":[{"embeddable":true,"href":"https:\/\/2horizontes.com\/index.php?rest_route=\/wp\/v2\/media\/24820"}],"wp:attachment":[{"href":"https:\/\/2horizontes.com\/index.php?rest_route=%2Fwp%2Fv2%2Fmedia&parent=24814"}],"wp:term":[{"taxonomy":"category","embeddable":true,"href":"https:\/\/2horizontes.com\/index.php?rest_route=%2Fwp%2Fv2%2Fcategories&post=24814"},{"taxonomy":"post_tag","embeddable":true,"href":"https:\/\/2horizontes.com\/index.php?rest_route=%2Fwp%2Fv2%2Ftags&post=24814"}],"curies":[{"name":"wp","href":"https:\/\/api.w.org\/{rel}","templated":true}]}}