{"id":24793,"date":"2015-09-18T14:13:10","date_gmt":"2015-09-18T13:13:10","guid":{"rendered":"http:\/\/2horizontes.com\/?p=24793"},"modified":"2015-09-18T14:17:30","modified_gmt":"2015-09-18T13:17:30","slug":"se-estrello-un-avion-militar-venezolano-mientras-patrullaba-la-frontera-con-colombia","status":"publish","type":"post","link":"https:\/\/2horizontes.com\/?p=24793","title":{"rendered":"Se estrell\u00f3 un avi\u00f3n militar venezolano mientras patrullaba la frontera con Colombia"},"content":{"rendered":"<p><strong>Agencias<\/strong><\/p>\n<p><strong>Venezuela<\/strong><\/p>\n<p>Un avi\u00f3n militar venezolano con <b>dos ocupantes a bordo<\/b> que realizaba labores de patrullaje se estrell\u00f3 la noche del jueves luego de detectar una \u00ab<b>aeronave il\u00edcita<\/b>\u00bb en el l\u00edmite fronterizo conColombia, inform\u00f3 el canal estatal de televisi\u00f3n de Venezuela.<\/p>\n<p>El avi\u00f3n de la Fuerza A\u00e9rea venezolana tipo <b>sukhoi-30<\/b> era piloteado por el capit\u00e1n <b>Ronald Ram\u00edrez<\/b> y el capit\u00e1n <b>Jackson Garc\u00eda<\/b>, cuya suerte se desconoce hasta el momento.<\/p>\n<p>\u00abEn tal sentido se ha ordenado la <b>inmediata activaci\u00f3n de la junta investigadora<\/b> de accidentes a\u00e9reos con el objeto de determinar las posibles causas que originaron el siniestro y tomar las medidas necesarias para la ubicaci\u00f3n de los pilotos\u00bb, dijo el ministro de Defensa, <b>Vladimir Padrino L\u00f3pez<\/b>, citado en el comunicado.<\/p>\n<p>El avi\u00f3n era piloteado por los capitanes Ronald Ram\u00edrez y Jackson Garc\u00eda<\/p>\n<p>El canal <i>Venezolana de Televisi\u00f3n<\/i> dijo que la \u00ab<b>aeronave il\u00edcita<\/b>\u00bb ingres\u00f3 por la regi\u00f3n noroccidental del pa\u00eds, una zona que las mafias ligadas al narcotr\u00e1fico pretenden usar \u00ab<b>como plataforma de distribuci\u00f3n de drogas producidas en el vecino pa\u00eds, hacia Centroam\u00e9rica y el Caribe<\/b>\u00ab, seg\u00fan el comunicado del ministro de Defensa.<\/p>\n<p>Venezuela orden\u00f3 cerrar algunos pasos de la frontera de 2.219 kil\u00f3metros con Colombia desde agosto, justificando su decisi\u00f3n en la necesidad de <b>combatir el contrabando<\/b> y a <b>grupos paramilitares<\/b>.<\/p>\n","protected":false},"excerpt":{"rendered":"<p>Agencias Venezuela Un avi\u00f3n militar venezolano con dos ocupantes a bordo que realizaba labores de patrullaje se estrell\u00f3 la noche del jueves luego de detectar una \u00abaeronave il\u00edcita\u00bb en el l\u00edmite fronterizo conColombia, inform\u00f3 el canal estatal de televisi\u00f3n de Venezuela. El avi\u00f3n de la Fuerza A\u00e9rea venezolana tipo sukhoi-30 era piloteado por el capit\u00e1n [&hellip;]<\/p>\n","protected":false},"author":7,"featured_media":24805,"comment_status":"open","ping_status":"open","sticky":false,"template":"","format":"standard","meta":{"footnotes":""},"categories":[50,40,48],"tags":[],"class_list":["post-24793","post","type-post","status-publish","format-standard","has-post-thumbnail","hentry","category-colombia","category-internacionales","category-venezuela"],"_links":{"self":[{"href":"https:\/\/2horizontes.com\/index.php?rest_route=\/wp\/v2\/posts\/24793","targetHints":{"allow":["GET"]}}],"collection":[{"href":"https:\/\/2horizontes.com\/index.php?rest_route=\/wp\/v2\/posts"}],"about":[{"href":"https:\/\/2horizontes.com\/index.php?rest_route=\/wp\/v2\/types\/post"}],"author":[{"embeddable":true,"href":"https:\/\/2horizontes.com\/index.php?rest_route=\/wp\/v2\/users\/7"}],"replies":[{"embeddable":true,"href":"https:\/\/2horizontes.com\/index.php?rest_route=%2Fwp%2Fv2%2Fcomments&post=24793"}],"version-history":[{"count":3,"href":"https:\/\/2horizontes.com\/index.php?rest_route=\/wp\/v2\/posts\/24793\/revisions"}],"predecessor-version":[{"id":24809,"href":"https:\/\/2horizontes.com\/index.php?rest_route=\/wp\/v2\/posts\/24793\/revisions\/24809"}],"wp:featuredmedia":[{"embeddable":true,"href":"https:\/\/2horizontes.com\/index.php?rest_route=\/wp\/v2\/media\/24805"}],"wp:attachment":[{"href":"https:\/\/2horizontes.com\/index.php?rest_route=%2Fwp%2Fv2%2Fmedia&parent=24793"}],"wp:term":[{"taxonomy":"category","embeddable":true,"href":"https:\/\/2horizontes.com\/index.php?rest_route=%2Fwp%2Fv2%2Fcategories&post=24793"},{"taxonomy":"post_tag","embeddable":true,"href":"https:\/\/2horizontes.com\/index.php?rest_route=%2Fwp%2Fv2%2Ftags&post=24793"}],"curies":[{"name":"wp","href":"https:\/\/api.w.org\/{rel}","templated":true}]}}