{"id":24784,"date":"2015-09-18T13:32:41","date_gmt":"2015-09-18T12:32:41","guid":{"rendered":"http:\/\/2horizontes.com\/?p=24784"},"modified":"2015-09-18T13:32:41","modified_gmt":"2015-09-18T12:32:41","slug":"almagro-lanza-duras-criticas-a-venezuela-en-una-inusual-carta-a-elias-jaua","status":"publish","type":"post","link":"https:\/\/2horizontes.com\/?p=24784","title":{"rendered":"Almagro lanza duras cr\u00edticas a Venezuela en una inusual carta a El\u00edas Jaua"},"content":{"rendered":"<div id=\"ArticleAuthorDiv\" class=\"article-body-author\"><b>EFE<\/b><\/div>\n<div id=\"ArticleSourceDiv\" class=\"article-body-author\"><b>Washington<\/b><\/div>\n<div id=\"ArticleBody\">\n<p>El secretario general de la Organizaci\u00f3n de Estados Americanos (OEA), Luis Almagro, lanz\u00f3 ayer duras cr\u00edticas al Gobierno de Venezuela en una inusual carta abierta para defenderse de las acusaciones que hizo contra \u00e9l en otra misiva el excanciller venezolano El\u00edas Jaua el pasado 9 de septiembre.<\/p>\n<p>\u00abNinguna revoluci\u00f3n, El\u00edas, puede dejar a la gente con menos derechos de los que ten\u00eda, m\u00e1s pobre en valores y en principios, m\u00e1s desiguales en las instancias de la justicia y la representaci\u00f3n, m\u00e1s discriminada dependiendo de d\u00f3nde est\u00e1 su pensamiento o su norte pol\u00edtico. Toda revoluci\u00f3n significa m\u00e1s derechos para m\u00e1s gente, para m\u00e1s personas\u00bb, comienza la carta que Almagro public\u00f3 ayer en Twitter.<\/p>\n<p>En la misiva, Almagro defiende sus reuniones con la oposici\u00f3n venezolana, su visita a Colombia para conocer de primera mano la situaci\u00f3n de crisis en la frontera con Venezuela, y su ofrecimiento de enviar una misi\u00f3n de observaci\u00f3n electoral de la OEA para los comicios de diciembre pr\u00f3ximo en el pa\u00eds caribe\u00f1o.<\/p>\n<p>\u00abLa democracia es el gobierno de las mayor\u00edas, pero tambi\u00e9n lo es garantizar los derechos de las minor\u00edas. No hay democracia sin garant\u00edas para las minor\u00edas. Y en ese sentido, he repetido en varias ocasiones que mi deber es recibir a gobiernos y a oposici\u00f3n, y as\u00ed lo he hecho, con varios pa\u00edses\u00bb, se\u00f1ala Almagro.<\/p>\n<p>\u00abY s\u00ed, con el opositor Henrique Capriles (Venezuela) o Manuel Zelaya (Honduras), pero tambi\u00e9n oposici\u00f3n de Jamaica, Belice o Guatemala, por nombrar dos opositores pertenecientes a familias ideol\u00f3gicas diferentes\u00bb, a\u00f1ade.<\/p>\n<p>La misiva, de seis p\u00e1ginas, responde a las duras acusaciones que verti\u00f3 Jaua contra \u00e9l en un carta abierta el pasado 9 de septiembre, en la que le llamaba \u00abproc\u00f3nsul\u00bb de Estados Unidos y le acusaba de estar \u00aberigi\u00e9ndose en juez de nuestra revoluci\u00f3n\u00bb cargo para el que, dec\u00eda, \u00abno tiene estatura ni pol\u00edtica, ni moral\u00bb.<\/p>\n<p>\u00abEl trabajo con, por y para los m\u00e1s d\u00e9biles, sea mi raz\u00f3n de trabajo. Como lo hice en cada uno de los casos a los que te refer\u00eds en tu carta, porque lo que es para vos motivo de ataque es para m\u00ed motivo de orgullo. Es de todas formas un elogio a m\u00ed como hombre de acci\u00f3n y de pensamiento\u00bb, replica Almagro en su misiva.<\/p>\n<p>\u00abY ya lo hemos discutido. Con cada acci\u00f3n que he llevado adelante he procurado garantizar los derechos de todos, eso no me hace menos bolivariano ni menos de izquierda. Al contrario\u00bb, a\u00f1ade.<\/p>\n<p>Almagro ha querido dejar claro con su misiva, sus declaraciones m\u00e1s duras desde que lleg\u00f3 a la secretar\u00eda general de la OEA el 26 de mayo, que ni su bagaje progresista, ni las buenas relaciones que labr\u00f3 con Venezuela en su \u00e9poca de canciller de Uruguay (2010-2015) le impedir\u00e1n pronunciarse si observa injusticias y violaci\u00f3n de derechos.<\/p>\n<p>\u00abTodos los que est\u00e1n agobiados por la injusticia deben ser nuestros protegidos. Y no habr\u00e1 ninguna raz\u00f3n para que nos callemos ante eso, cuando falten garant\u00edas del debido proceso, cuando haya denegaci\u00f3n de justicia o cuando existan condiciones infamantes\u00bb, avisa Almagro en su carta.<\/p>\n<p>El secretario general de la OEA tambi\u00e9n defiende que su reciente visita a la ciudad colombiana fronteriza de C\u00facuta \u00abno se trat\u00f3 de apoyar\u00bb a Colombia sino \u00abde ver de cerca la realidad de compatriotas latinoamericanos, que atraviesan una situaci\u00f3n penosa\u00bb.<\/p>\n<p>\u00abNo comparto la expresi\u00f3n &#8216;crisis humanitaria&#8217; que se ha acu\u00f1ado por diferentes actores a nivel internacional, pero s\u00ed es una situaci\u00f3n penosa que est\u00e1n atravesando unos miles de personas y cientos de ni\u00f1os que requieren en forma urgente la reunificaci\u00f3n familiar\u00bb, se\u00f1ala Almagro.<\/p>\n<p>\u00abY quien se cree de izquierda y no es sensible a esta penosa realidad humanitaria no merece llamarse de izquierda, ni tiene autoridad moral para criticarme\u00bb, a\u00f1ade.<\/p>\n<p>Almagro, que recorre una por una todas las acciones de su mandato que han molestado a Venezuela, defiende en su carta asimismo que ha ofrecido una misi\u00f3n de la OEA para las elecciones de diciembre porque \u00abla oposici\u00f3n est\u00e1 pidiendo una garant\u00eda m\u00e1s para el d\u00eda de la elecci\u00f3n\u00bb, y esa es la participaci\u00f3n del organismo.<\/p>\n<p>\u00abYo s\u00e9 que Venezuela tiene uno de los procesos electorales de mejor calidad, pero entiendo que nuestra presencia puede ayudar a que las minor\u00edas pol\u00edticas de hoy en Venezuela lo comprendan asimismo\u00bb, afirma Almagro.<\/p>\n<p>Para concluir su carta, un pronunciamiento totalmente ins\u00f3lito en un medio a\u00f1o de mandato marcado por su preferencia por los hechos a las palabras, Almagro defiende sus fundamentos pol\u00edticos ante los cuestionamientos de Jaua.<\/p>\n<p>\u00abCuando quieras discutimos de izquierda, derechos humanos, socialismo, liberaci\u00f3n nacional, imperialismo. Porque estoy tranquilo de haber defendido fuertemente los principios que hacen a valores esenciales de mi vida pol\u00edtica\u00bb, concluye el secretario una misiva en la que cita en varias ocasiones a su mentor pol\u00edtico, el expresidente uruguayo Jos\u00e9 Mujica.<\/p>\n<\/div>\n","protected":false},"excerpt":{"rendered":"<p>EFE Washington El secretario general de la Organizaci\u00f3n de Estados Americanos (OEA), Luis Almagro, lanz\u00f3 ayer duras cr\u00edticas al Gobierno de Venezuela en una inusual carta abierta para defenderse de las acusaciones que hizo contra \u00e9l en otra misiva el excanciller venezolano El\u00edas Jaua el pasado 9 de septiembre. \u00abNinguna revoluci\u00f3n, El\u00edas, puede dejar a [&hellip;]<\/p>\n","protected":false},"author":7,"featured_media":24785,"comment_status":"open","ping_status":"open","sticky":false,"template":"","format":"standard","meta":{"footnotes":""},"categories":[40,48],"tags":[],"class_list":["post-24784","post","type-post","status-publish","format-standard","has-post-thumbnail","hentry","category-internacionales","category-venezuela"],"_links":{"self":[{"href":"https:\/\/2horizontes.com\/index.php?rest_route=\/wp\/v2\/posts\/24784","targetHints":{"allow":["GET"]}}],"collection":[{"href":"https:\/\/2horizontes.com\/index.php?rest_route=\/wp\/v2\/posts"}],"about":[{"href":"https:\/\/2horizontes.com\/index.php?rest_route=\/wp\/v2\/types\/post"}],"author":[{"embeddable":true,"href":"https:\/\/2horizontes.com\/index.php?rest_route=\/wp\/v2\/users\/7"}],"replies":[{"embeddable":true,"href":"https:\/\/2horizontes.com\/index.php?rest_route=%2Fwp%2Fv2%2Fcomments&post=24784"}],"version-history":[{"count":1,"href":"https:\/\/2horizontes.com\/index.php?rest_route=\/wp\/v2\/posts\/24784\/revisions"}],"predecessor-version":[{"id":24786,"href":"https:\/\/2horizontes.com\/index.php?rest_route=\/wp\/v2\/posts\/24784\/revisions\/24786"}],"wp:featuredmedia":[{"embeddable":true,"href":"https:\/\/2horizontes.com\/index.php?rest_route=\/wp\/v2\/media\/24785"}],"wp:attachment":[{"href":"https:\/\/2horizontes.com\/index.php?rest_route=%2Fwp%2Fv2%2Fmedia&parent=24784"}],"wp:term":[{"taxonomy":"category","embeddable":true,"href":"https:\/\/2horizontes.com\/index.php?rest_route=%2Fwp%2Fv2%2Fcategories&post=24784"},{"taxonomy":"post_tag","embeddable":true,"href":"https:\/\/2horizontes.com\/index.php?rest_route=%2Fwp%2Fv2%2Ftags&post=24784"}],"curies":[{"name":"wp","href":"https:\/\/api.w.org\/{rel}","templated":true}]}}