{"id":24752,"date":"2015-09-18T02:49:19","date_gmt":"2015-09-18T01:49:19","guid":{"rendered":"http:\/\/2horizontes.com\/?p=24752"},"modified":"2015-09-18T02:49:19","modified_gmt":"2015-09-18T01:49:19","slug":"capturan-en-mexico-a-hombre-clave-en-la-desaparicion-de-43-estudiantes","status":"publish","type":"post","link":"https:\/\/2horizontes.com\/?p=24752","title":{"rendered":"Capturan en M\u00e9xico a hombre clave en la desaparici\u00f3n de 43 estudiantes"},"content":{"rendered":"<p><!--StartFragment--><\/p>\n<div id=\"ArticleAuthorDiv\" class=\"article-body-author\"><b>EFE<\/b><\/div>\n<div id=\"ArticleSourceDiv\" class=\"article-body-author\"><b>M\u00e9xico<\/b><\/div>\n<div id=\"ArticleBody\">\n<p>El titular de la Comisi\u00f3n Nacional de Seguridad (CNS), Renato Sales, confirm\u00f3 en una breve comparecencia ante la prensa que el presunto delincuente fue detenido la tarde del mi\u00e9rcoles en la ciudad de Taxco, despu\u00e9s de que cambiara en tres ocasiones de domicilio.<\/p>\n<p>M\u00e9xico, 17 sep (EFE).- Las fuerzas de seguridad mexicanas detuvieron en las \u00faltimas horas a Gildardo L\u00f3pez Astudillo, presunto miembro del c\u00e1rtel Guerreros Unidos que jug\u00f3 un papel clave en la desaparici\u00f3n de los 43 estudiantes de Ayotzinapa hace casi un a\u00f1o en Iguala, confirmaron hoy fuentes oficiales.<\/p>\n<p>El titular de la Comisi\u00f3n Nacional de Seguridad (CNS), Renato Sales, confirm\u00f3 en una breve comparecencia ante la prensa que el presunto delincuente fue detenido la tarde del mi\u00e9rcoles en la ciudad de Taxco, despu\u00e9s de que cambiara en tres ocasiones de domicilio.<\/p>\n<p>El detenido actuaba \u00abcomo presunto jefe de un grupo dedicado a la extorsi\u00f3n y a la distribuci\u00f3n de droga\u00bb, especialmente en los municipios de Iguala y Cocula, en el sure\u00f1o estado de Guerrero.<\/p>\n<p>L\u00f3pez Astudillo, alias el \u00abGil\u00bb, est\u00e1 vinculado con la desaparici\u00f3n de 43 estudiantes de la Escuela Normal de Ayotzinapa el 26 de septiembre de 2014 en Iguala. \u00abDiversos imputados (en este caso) lo se\u00f1alan directamente como el autor material\u00bb, indic\u00f3 Sales.<\/p>\n<p>La detenci\u00f3n fue realizada por agentes de la Polic\u00eda Federal gracias a informaci\u00f3n proporcionada por la Secretar\u00eda de la Defensa Nacional (Sedena), la Secretar\u00eda de Marina (Semar) y la Procuradur\u00eda General de la Rep\u00fablica (PGR).<\/p>\n<p>El \u00abGil\u00bb, de 36 a\u00f1os, fue detenido \u00aben flagrancia delictiva\u00bb, ya que portaba armas de fuego y una identificaci\u00f3n falsa.<\/p>\n<p>Adem\u00e1s, en su contra pesaba una orden de aprehensi\u00f3n por delincuencia organizada y secuestro, a\u00f1adi\u00f3 el titular de la CNS, quien record\u00f3 que por este caso ya suman 111 arrestados.<\/p>\n<p>En declaraciones a los medios, el secretario de Gobernaci\u00f3n, Miguel \u00c1ngel Osorio Chong, consider\u00f3 \u00abmuy importante\u00bb la detenci\u00f3n del \u00abGil\u00bb, cuyas declaraciones -dijo- servir\u00e1n para conocer \u00abla verdad respecto a los hechos que ocurrieron hace ya pr\u00e1cticamente un a\u00f1o\u00bb.<\/p>\n<p>\u00abEs una buena noticia\u00bb para dejar \u00abclaro que no hay impunidad, que el Estado mexicano se comprometi\u00f3 a encontrar la verdad y, por supuesto, encontrar a los culpables, y en ese proceso estamos\u00bb, apunt\u00f3.<\/p>\n<p>Seg\u00fan la versi\u00f3n oficial, el 26 de septiembre de 2014 un grupo de polic\u00edas a sueldo de Guerreros Unidos dispararon en Iguala contra decenas de estudiantes por \u00f3rdenes del entonces alcalde, Jos\u00e9 Luis Abarca, supuestamente para evitar que sabotearan un acto oficial.<\/p>\n<p>Seis personas murieron, incluidos tres alumnos de la Normal Rural de Ayotzinapa, y 43 j\u00f3venes fueron detenidos por los polic\u00edas y entregados a miembros de Guerreros Unidos, quienes los asesinaron y quemaron en el basurero de Cocula.<\/p>\n<p>El l\u00edder de ese c\u00e1rtel, Sidronio Casarrubias, detenido en octubre pasado, declar\u00f3 a las autoridades que el \u00abGil\u00bb le inform\u00f3 aquella noche, a trav\u00e9s de un mensaje de texto telef\u00f3nico, de un enfrentamiento en Iguala pero lo atribuy\u00f3 al grupo rival Los Rojos.<\/p>\n<p>Por ello, Casarrubias orden\u00f3 hacer desaparecer a los j\u00f3venes para defender su territorio, una instrucci\u00f3n que fue transmitida por el \u00abGil\u00bb a Felipe Rodr\u00edguez Salgado, alias el \u00abCepillo\u00bb y capturado en enero pasado.<\/p>\n<p>La versi\u00f3n de la Procuradur\u00eda General de la Rep\u00fablica (PGR) sostiene que el \u00abCepillo\u00bb recibi\u00f3 a los j\u00f3venes de manos de los polic\u00edas corruptos en un lugar conocido como Loma del Coyote y los traslad\u00f3 hasta el basurero de Cocula, donde fueron asesinados e incinerados.<\/p>\n<p>De acuerdo con las declaraciones del \u00abCepillo\u00bb a la PGR, esa noche durmi\u00f3 en casa de L\u00f3pez Astudillo y al d\u00eda siguiente, por \u00f3rdenes de este \u00faltimo, regres\u00f3 al basurero para recoger las cenizas y tirarlas en bolsas de basura al r\u00edo San Juan.<\/p>\n<p>En un reciente informe, expertos de la Comisi\u00f3n Interamericana de Derechos Humanos (CIDH) que investigaron el caso durante seis meses cuestionaron que los cad\u00e1veres de los j\u00f3venes hayan sido quemados en el basurero y apuntaron al traslado de drogas en uno de los autobuses tomados por los j\u00f3venes como posible m\u00f3vil.<\/p>\n<\/div>\n<p><!--EndFragment--><\/p>\n","protected":false},"excerpt":{"rendered":"<p>EFE M\u00e9xico El titular de la Comisi\u00f3n Nacional de Seguridad (CNS), Renato Sales, confirm\u00f3 en una breve comparecencia ante la prensa que el presunto delincuente fue detenido la tarde del mi\u00e9rcoles en la ciudad de Taxco, despu\u00e9s de que cambiara en tres ocasiones de domicilio. M\u00e9xico, 17 sep (EFE).- Las fuerzas de seguridad mexicanas detuvieron [&hellip;]<\/p>\n","protected":false},"author":8,"featured_media":24753,"comment_status":"open","ping_status":"open","sticky":false,"template":"","format":"standard","meta":{"footnotes":""},"categories":[40],"tags":[],"class_list":["post-24752","post","type-post","status-publish","format-standard","has-post-thumbnail","hentry","category-internacionales"],"_links":{"self":[{"href":"https:\/\/2horizontes.com\/index.php?rest_route=\/wp\/v2\/posts\/24752","targetHints":{"allow":["GET"]}}],"collection":[{"href":"https:\/\/2horizontes.com\/index.php?rest_route=\/wp\/v2\/posts"}],"about":[{"href":"https:\/\/2horizontes.com\/index.php?rest_route=\/wp\/v2\/types\/post"}],"author":[{"embeddable":true,"href":"https:\/\/2horizontes.com\/index.php?rest_route=\/wp\/v2\/users\/8"}],"replies":[{"embeddable":true,"href":"https:\/\/2horizontes.com\/index.php?rest_route=%2Fwp%2Fv2%2Fcomments&post=24752"}],"version-history":[{"count":1,"href":"https:\/\/2horizontes.com\/index.php?rest_route=\/wp\/v2\/posts\/24752\/revisions"}],"predecessor-version":[{"id":24754,"href":"https:\/\/2horizontes.com\/index.php?rest_route=\/wp\/v2\/posts\/24752\/revisions\/24754"}],"wp:featuredmedia":[{"embeddable":true,"href":"https:\/\/2horizontes.com\/index.php?rest_route=\/wp\/v2\/media\/24753"}],"wp:attachment":[{"href":"https:\/\/2horizontes.com\/index.php?rest_route=%2Fwp%2Fv2%2Fmedia&parent=24752"}],"wp:term":[{"taxonomy":"category","embeddable":true,"href":"https:\/\/2horizontes.com\/index.php?rest_route=%2Fwp%2Fv2%2Fcategories&post=24752"},{"taxonomy":"post_tag","embeddable":true,"href":"https:\/\/2horizontes.com\/index.php?rest_route=%2Fwp%2Fv2%2Ftags&post=24752"}],"curies":[{"name":"wp","href":"https:\/\/api.w.org\/{rel}","templated":true}]}}