{"id":24735,"date":"2015-09-17T20:26:42","date_gmt":"2015-09-17T19:26:42","guid":{"rendered":"http:\/\/2horizontes.com\/?p=24735"},"modified":"2015-09-17T20:27:44","modified_gmt":"2015-09-17T19:27:44","slug":"miguel-angel-perera-sale-de-la-uci-y-pasa-a-planta","status":"publish","type":"post","link":"https:\/\/2horizontes.com\/?p=24735","title":{"rendered":"Miguel \u00c1ngel Perera sale de la UCI y pasa a planta"},"content":{"rendered":"<p>El diestro Miguel \u00c1ngel Perera, que este martes sufri\u00f3 dos grav\u00edsimas cornadas en el abdomen en Salamanca, ha abandonado la UCI de la cl\u00ednica de la Sant\u00edsima de Trinidad de la capital salmantina, para pasar a una habitaci\u00f3n de planta del mismo centro hospitalario, aunque en un r\u00e9gimen exento de visitas.<\/p>\n<p>As\u00ed lo ha confirmado fuentes de su entorno, adem\u00e1s del cirujano jefe de la plaza de toros de Salamanca, el doctor Luis Ortega, quienes aseguran que el hecho de que Perera haya podido salir de la UCI tan s\u00f3lo 48 horas despu\u00e9s de una las cornadas m\u00e1s graves de la temporada, es \u00abcasi un milagro.<\/p>\n<p>No obstante, que el torero de la Puebla de Prior (Badajoz) est\u00e9 descansando ya en una habitaci\u00f3n de planta no significa \u00abque haya que bajar a\u00fan la guardia\u00bb, motivo por el que tanto \u00e9l como los m\u00e9dicos que le atienden hayan decidido restringir las visitas \u00fanicamente \u00aba su mujer, familia y apoderado\u00bb, han se\u00f1alado las fuentes.<\/p>\n<p>La evoluci\u00f3n, no obstante, sigue siendo estable, no ha aparecido fiebre, que denote la posibilidad de alguna infecci\u00f3n en la herida, y su estado de \u00e1nimo es bueno y, aunque a\u00fan es muy pronto para vaticinar con precisi\u00f3n los plazos de recuperaci\u00f3n, los m\u00e9dicos auguran que en 20 d\u00edas podr\u00eda estar ejercit\u00e1ndose y en un mes tentando.<\/p>\n<p>Perera sufri\u00f3 el martes una espeluznante cornada por el tercer toro de la corrida de la Feria de Salamanca, que le prendi\u00f3 de lleno junto a las tablas a la altura del bajo vientre cuando lo recib\u00eda de rodillas con el capote.<\/p>\n<p>El parte tras la cornada se\u00f1alaba que el torero hab\u00eda sufrido dos cornadas en el abdomen, con disecci\u00f3n de la arteria il\u00edaca y desgarro de los m\u00fasculos oblicuo mayor, oblicuo menor y transverso, de pron\u00f3stico muy grave.<\/p>\n","protected":false},"excerpt":{"rendered":"<p>El diestro Miguel \u00c1ngel Perera, que este martes sufri\u00f3 dos grav\u00edsimas cornadas en el abdomen en Salamanca, ha abandonado la UCI de la cl\u00ednica de la Sant\u00edsima de Trinidad de la capital salmantina, para pasar a una habitaci\u00f3n de planta del mismo centro hospitalario, aunque en un r\u00e9gimen exento de visitas. As\u00ed lo ha confirmado [&hellip;]<\/p>\n","protected":false},"author":3,"featured_media":24737,"comment_status":"open","ping_status":"open","sticky":false,"template":"","format":"standard","meta":{"footnotes":""},"categories":[85],"tags":[],"class_list":["post-24735","post","type-post","status-publish","format-standard","has-post-thumbnail","hentry","category-espana"],"_links":{"self":[{"href":"https:\/\/2horizontes.com\/index.php?rest_route=\/wp\/v2\/posts\/24735","targetHints":{"allow":["GET"]}}],"collection":[{"href":"https:\/\/2horizontes.com\/index.php?rest_route=\/wp\/v2\/posts"}],"about":[{"href":"https:\/\/2horizontes.com\/index.php?rest_route=\/wp\/v2\/types\/post"}],"author":[{"embeddable":true,"href":"https:\/\/2horizontes.com\/index.php?rest_route=\/wp\/v2\/users\/3"}],"replies":[{"embeddable":true,"href":"https:\/\/2horizontes.com\/index.php?rest_route=%2Fwp%2Fv2%2Fcomments&post=24735"}],"version-history":[{"count":1,"href":"https:\/\/2horizontes.com\/index.php?rest_route=\/wp\/v2\/posts\/24735\/revisions"}],"predecessor-version":[{"id":24736,"href":"https:\/\/2horizontes.com\/index.php?rest_route=\/wp\/v2\/posts\/24735\/revisions\/24736"}],"wp:featuredmedia":[{"embeddable":true,"href":"https:\/\/2horizontes.com\/index.php?rest_route=\/wp\/v2\/media\/24737"}],"wp:attachment":[{"href":"https:\/\/2horizontes.com\/index.php?rest_route=%2Fwp%2Fv2%2Fmedia&parent=24735"}],"wp:term":[{"taxonomy":"category","embeddable":true,"href":"https:\/\/2horizontes.com\/index.php?rest_route=%2Fwp%2Fv2%2Fcategories&post=24735"},{"taxonomy":"post_tag","embeddable":true,"href":"https:\/\/2horizontes.com\/index.php?rest_route=%2Fwp%2Fv2%2Ftags&post=24735"}],"curies":[{"name":"wp","href":"https:\/\/api.w.org\/{rel}","templated":true}]}}