{"id":2472,"date":"2014-10-02T23:05:45","date_gmt":"2014-10-02T23:05:45","guid":{"rendered":"http:\/\/2horizontes.com\/?p=2472"},"modified":"2014-10-02T23:05:45","modified_gmt":"2014-10-02T23:05:45","slug":"casi-35-anos-despues-guatemala-abre-juicio-por-quema-de-embajada-de-espana","status":"publish","type":"post","link":"https:\/\/2horizontes.com\/?p=2472","title":{"rendered":"Casi 35 a\u00f1os despu\u00e9s, Guatemala abre juicio por quema de embajada de Espa\u00f1a"},"content":{"rendered":"<p><a href=\"http:\/\/2horizontes.com\/wp-content\/uploads\/2014\/10\/guatemala-mujer.jpeg\"><img loading=\"lazy\" decoding=\"async\" src=\"http:\/\/2horizontes.com\/wp-content\/uploads\/2014\/10\/guatemala-mujer.jpeg\" alt=\"guatemala mujer\" width=\"294\" height=\"232\" class=\"alignleft size-full wp-image-2473\" \/><\/a> AFP. Guatemala.- La justicia guatemalteca comenz\u00f3 ayer, casi 35 a\u00f1os despu\u00e9s, a juzgar a un exjefe policial por la muerte de 37 personas en la quema de la embajada de Espa\u00f1a durante la guerra que vivi\u00f3 este pa\u00eds centroamericano.<br \/>\nUn altar de flores y velas blancas en forma de cruz con los nombres de las v\u00edctimas escritos en una hoja de papel, fue colocado por activistas humanitarios frente del edificio de la Corte Suprema de Justicia, en el centro de la capital, previo a la apertura del proceso judicial.<\/p>\n<p>\u00abNos constituimos en la sala de vistas de la Corte con el objeto de iniciar el debate oral y p\u00fablico para juzgar a Pedro Garc\u00eda Redondo\u00bb, de 70 a\u00f1os, \u00fanico imputado por el caso, dijo en la apertura la presidenta del Tribunal de Mayor Riesgo B, Janeth V\u00e1ldez.<\/p>\n<p>Ataviado con una chaqueta azul y pantal\u00f3n gris, Garc\u00eda se sent\u00f3 en el banquillo de los acusados como sospechoso de haber ordenado la quema de la embajada espa\u00f1ola el 31 de enero de 1980.<\/p>\n<p>El siniestro se perpetr\u00f3 despu\u00e9s de que un grupo de ind\u00edgenas, campesinos y universitarios tomaran la sede diplom\u00e1tica para denunciar la represi\u00f3n en sus comunidades por parte del Ej\u00e9rcito, en el marco de una guerra civil que vivi\u00f3 el pa\u00eds entre 1960 y 1996.<\/p>\n<p>\u00abQueremos cerrar finalmente un ciclo de nuestro dolor, de nuestro sufrimiento, es doloroso cargar esto\u00bb, coment\u00f3 a periodistas la Premio Nobel de la Paz 1992 y l\u00edder ind\u00edgena guatemalteca Rigoberta Mench\u00fa, en el inicio del proceso, emblem\u00e1tico para la activista debido a que en esos hechos muri\u00f3 su padre, Vicente Mench\u00fa.<\/p>\n<p>Mench\u00fa es la primera de 23 testigos que declarar\u00e1n ante el tribunal, el mismo que program\u00f3 para el 5 de enero de 2015 el nuevo juicio por genocidio contra el exdictador Efra\u00edn R\u00edos Montt, acusado del exterminio sistem\u00e1tico de ind\u00edgenas durante su r\u00e9gimen de facto (1982-83).<\/p>\n<p>&#8211; Los hechos &#8211;<\/p>\n<p>Una comisi\u00f3n de la verdad auspiciada por la ONU public\u00f3 en 1999 un informe sobre varios hechos ocurridos durante la guerra civil de 36 a\u00f1os en Guatemala y que dej\u00f3 200.000 muertos y desaparecidos, entre ellos consign\u00f3 un cap\u00edtulo sobre \u00abLa ocupaci\u00f3n de la embajada de Espa\u00f1a\u00bb.<\/p>\n<p>De acuerdo con el documento, el 31 de enero de 1980, 27 personas, la mayor\u00eda ind\u00edgenas y representantes de organizaciones populares del departamento de Quich\u00e9 (norte), ingresaron \u00abde forma pac\u00edfica\u00bb en la embajada espa\u00f1ola para denunciar atrocidades cometidas por el Ej\u00e9rcito.<\/p>\n<p>Horas despu\u00e9s de la ocupaci\u00f3n, decenas de agentes de la desaparecida Polic\u00eda Nacional y miembros de inteligencia del Ej\u00e9rcito, \u00abfuertemente armados, dieron inicio al asalto de la sede\u00bb, que acab\u00f3 con la vida de las 37 personas.<\/p>\n<p>Entre los muertos figuran el c\u00f3nsul espa\u00f1ol Jaime Ruiz del \u00c1rbol, el exvicepresidente de Guatemala Eduardo C\u00e1ceres, y el excanciller Adolfo Molina.<\/p>\n<p>S\u00f3lo dos personas sobrevivieron, un campesino que luego fue sacado de un hospital y asesinado, as\u00ed como el embajador M\u00e1ximo Cajal, quien falleci\u00f3 en abril pasado en Espa\u00f1a y dej\u00f3 grabado su testimonio en un video que ser\u00e1 utilizado en el juicio.<\/p>\n<p>El gobierno espa\u00f1ol expres\u00f3 en un comunicado que \u00abconf\u00eda en que pueda esclarecerse lo sucedido, condenarse a los eventuales culpables que hayan sido procesados, se dignifique la memoria de los fallecidos y se repare a las v\u00edctimas y a sus familiares\u00bb.<\/p>\n<p>&#8211; \u00abQuieren crear un culpable\u00bb &#8211;<\/p>\n<p>De su lado Mois\u00e9s Galindo, abogado de Garc\u00eda, quien se declar\u00f3 inocente ante el tribunal, dijo que en el proceso \u00abno se est\u00e1 buscando al responsable (de la matanza), sino que se quiere crear un culpable\u00bb.<\/p>\n<p>\u00abSe quiere crear un culpable que justifique esta acusaci\u00f3n del Ministerio P\u00fablico (fiscal\u00eda) y que justifique tambi\u00e9n a los querellantes adhesivos y de eso no se trata un debate\u00bb, afirm\u00f3 el defensor del exjefe policial.<\/p>\n<p>Galindo consider\u00f3 que se est\u00e1 procura un culpable tras la muerte del entonces presidente Romeo Lucas y del jefe de polic\u00eda de la \u00e9poca, Germ\u00e1n Chupina, otros implicador por el crimen.<\/p>\n<p>El exministro del Interior en ese per\u00edodo, Donaldo \u00c1lvarez, est\u00e1 pr\u00f3fugo de la justicia desde hace a\u00f1os.<\/p>\n<p>Garc\u00eda dirig\u00eda un comando especial de la polic\u00eda cuando ocurrieron los hechos y fue capturado el 24 de julio de 2011 por la desaparici\u00f3n del estudiante universitario Edgar Saenz, en 1981, por el que fue condenado a 80 a\u00f1os de prisi\u00f3n.<\/p>\n","protected":false},"excerpt":{"rendered":"<p>AFP. Guatemala.- La justicia guatemalteca comenz\u00f3 ayer, casi 35 a\u00f1os despu\u00e9s, a juzgar a un exjefe policial por la muerte de 37 personas en la quema de la embajada de Espa\u00f1a durante la guerra que vivi\u00f3 este pa\u00eds centroamericano. Un altar de flores y velas blancas en forma de cruz con los nombres de las [&hellip;]<\/p>\n","protected":false},"author":1,"featured_media":0,"comment_status":"open","ping_status":"open","sticky":false,"template":"","format":"standard","meta":{"footnotes":""},"categories":[1],"tags":[],"class_list":["post-2472","post","type-post","status-publish","format-standard","hentry","category-entretenimiento"],"_links":{"self":[{"href":"https:\/\/2horizontes.com\/index.php?rest_route=\/wp\/v2\/posts\/2472","targetHints":{"allow":["GET"]}}],"collection":[{"href":"https:\/\/2horizontes.com\/index.php?rest_route=\/wp\/v2\/posts"}],"about":[{"href":"https:\/\/2horizontes.com\/index.php?rest_route=\/wp\/v2\/types\/post"}],"author":[{"embeddable":true,"href":"https:\/\/2horizontes.com\/index.php?rest_route=\/wp\/v2\/users\/1"}],"replies":[{"embeddable":true,"href":"https:\/\/2horizontes.com\/index.php?rest_route=%2Fwp%2Fv2%2Fcomments&post=2472"}],"version-history":[{"count":1,"href":"https:\/\/2horizontes.com\/index.php?rest_route=\/wp\/v2\/posts\/2472\/revisions"}],"predecessor-version":[{"id":2474,"href":"https:\/\/2horizontes.com\/index.php?rest_route=\/wp\/v2\/posts\/2472\/revisions\/2474"}],"wp:attachment":[{"href":"https:\/\/2horizontes.com\/index.php?rest_route=%2Fwp%2Fv2%2Fmedia&parent=2472"}],"wp:term":[{"taxonomy":"category","embeddable":true,"href":"https:\/\/2horizontes.com\/index.php?rest_route=%2Fwp%2Fv2%2Fcategories&post=2472"},{"taxonomy":"post_tag","embeddable":true,"href":"https:\/\/2horizontes.com\/index.php?rest_route=%2Fwp%2Fv2%2Ftags&post=2472"}],"curies":[{"name":"wp","href":"https:\/\/api.w.org\/{rel}","templated":true}]}}