{"id":24654,"date":"2015-09-17T14:40:36","date_gmt":"2015-09-17T13:40:36","guid":{"rendered":"http:\/\/2horizontes.com\/?p=24654"},"modified":"2015-09-17T14:40:36","modified_gmt":"2015-09-17T13:40:36","slug":"interior-confirma-el-hallazgo-del-craneo-de-un-nino-en-la-zona-donde-desaparecio-yeremi-vargas","status":"publish","type":"post","link":"https:\/\/2horizontes.com\/?p=24654","title":{"rendered":"Interior confirma el hallazgo del cr\u00e1neo de un ni\u00f1o en la zona donde desapareci\u00f3 Y\u00e9remi Vargas"},"content":{"rendered":"<p>El ministro del Interior, Jorge Fern\u00e1ndez D\u00edaz, ha confirmado que la Guardia Civil ha hallado un cr\u00e1neo infantil en la zona de Vecindario (Gran Canaria) donde desapareci\u00f3 Y\u00e9remi Vargas, el menor cuya pista se perdi\u00f3 en 2007 cuando jugaba con sus primos en un solar pr\u00f3ximo a la vivienda de su familia.<\/p>\n<p>Tanto Fern\u00e1ndez D\u00edaz como los investigadores del caso han pedido \u00abuna elemental prudencia\u00bb hasta que los forenses analicen los restos, que corresponden a una parte del cr\u00e1neo.<\/p>\n<p>Seg\u00fan el forense del juzgado que se ocupa del caso, el cr\u00e1neo hallado corresponde a un menor de entre cinco y 12 a\u00f1os.<\/p>\n<p>Y\u00e9remi ten\u00eda siete cuando desapareci\u00f3. Seg\u00fan ha trascendido, los huesos fueron hallados de forma casual el mi\u00e9rcoles por un pastor de la zona de El Doctoral de Santa Luc\u00eda de Tirajana, no muy lejos del lugar donde se perdi\u00f3 la pista del ni\u00f1o en 2007.<\/p>\n<p>Tras dar aviso a la Guardia Civil, los agentes acotaron la zona para asegurar cualquier tipo de prueba o indicio que pudiera haber en el lugar.<\/p>\n<p>Agentes de la UCO de la Guardia Civil se desplazaron ayer mismo desde Madrid a Gran Canaria tras conocer el hallazgo y practicar pruebas de ADN.<\/p>\n<p>A media ma\u00f1ana, el juez ha decretado el levantamiento de los restos y han sido trasladados al Instituto de Medicina Legal de Las Palmas para su estudio y an\u00e1lisis.<\/p>\n<p>Previsiblemente, se trasladar\u00e1n despu\u00e9s los restos descubiertos a Madrid para ser analizados con detalle.<\/p>\n<p>Responsables de la Guardia Civil informaron del hallazgo a la familia de Y\u00e9remi, ya que, aseguran, el \u00abcontacto es permanente\u00bb con ellos durante los ocho a\u00f1os de desaparici\u00f3n del ni\u00f1o.<\/p>\n<p>Una investigaci\u00f3n sin resolver<\/p>\n<p>Los padres de Y\u00e9remi denunciaron su desaparici\u00f3n a las pocas horas de producirse. Durante aquellas primeras semanas, la investigaci\u00f3n abarc\u00f3 tanto al entorno familiar como a amistades, maestros y vecinos.<\/p>\n<p>Familiares, amigos y vecinos de toda la isla se volcaron en la b\u00fasqueda del ni\u00f1o.<\/p>\n<p>En marzo de 2012, con motivo de los cinco a\u00f1os de desaparici\u00f3n de Y\u00e9remi, agentes de la Guarida Civil aportaron datos sobre la ropa que llevaba el peque\u00f1o aquel d\u00eda, as\u00ed como la de dos coches, un Opel Corsa blanco y un Renault Clio negro, que habr\u00edan estado por la barriada donde se encontraba Y\u00e9remi, informa Efe.<\/p>\n<p>Sin embargo, la investigaci\u00f3n no logr\u00f3 aportar luz a lo ocurrido aquel fat\u00eddico s\u00e1bado 10 de marzo de 2007, cuando Y\u00e9remi desapareci\u00f3 entre las 13.30 y las 13.50 horas.<\/p>\n<p>Una de las hip\u00f3tesis que ha manejado la Guardia Civil durante su investigaci\u00f3n de todos estos a\u00f1os es que Y\u00e9remi hubiera sido v\u00edctima de un pederasta.<\/p>\n<p>En 2013, agentes de la UCO se desplazaron a Escocia para tomar declaraci\u00f3n a tres pederastas escoceses que se encontraban en 2007 en Gran Canaria y ten\u00edan relaciones de trabajo o de amistad en el barrio de Los Llanos, donde se ubicaba la vivienda familiar de Y\u00e9remi.<\/p>\n<p>Durante un tiempo, los tres pederastas residieron en la zona. Dos de ellos estaban presos en Escocia y guardaron silencio respecto a la desaparici\u00f3n del ni\u00f1o.<\/p>\n","protected":false},"excerpt":{"rendered":"<p>El ministro del Interior, Jorge Fern\u00e1ndez D\u00edaz, ha confirmado que la Guardia Civil ha hallado un cr\u00e1neo infantil en la zona de Vecindario (Gran Canaria) donde desapareci\u00f3 Y\u00e9remi Vargas, el menor cuya pista se perdi\u00f3 en 2007 cuando jugaba con sus primos en un solar pr\u00f3ximo a la vivienda de su familia. Tanto Fern\u00e1ndez D\u00edaz [&hellip;]<\/p>\n","protected":false},"author":3,"featured_media":24655,"comment_status":"open","ping_status":"open","sticky":false,"template":"","format":"standard","meta":{"footnotes":""},"categories":[85],"tags":[],"class_list":["post-24654","post","type-post","status-publish","format-standard","has-post-thumbnail","hentry","category-espana"],"_links":{"self":[{"href":"https:\/\/2horizontes.com\/index.php?rest_route=\/wp\/v2\/posts\/24654","targetHints":{"allow":["GET"]}}],"collection":[{"href":"https:\/\/2horizontes.com\/index.php?rest_route=\/wp\/v2\/posts"}],"about":[{"href":"https:\/\/2horizontes.com\/index.php?rest_route=\/wp\/v2\/types\/post"}],"author":[{"embeddable":true,"href":"https:\/\/2horizontes.com\/index.php?rest_route=\/wp\/v2\/users\/3"}],"replies":[{"embeddable":true,"href":"https:\/\/2horizontes.com\/index.php?rest_route=%2Fwp%2Fv2%2Fcomments&post=24654"}],"version-history":[{"count":1,"href":"https:\/\/2horizontes.com\/index.php?rest_route=\/wp\/v2\/posts\/24654\/revisions"}],"predecessor-version":[{"id":24656,"href":"https:\/\/2horizontes.com\/index.php?rest_route=\/wp\/v2\/posts\/24654\/revisions\/24656"}],"wp:featuredmedia":[{"embeddable":true,"href":"https:\/\/2horizontes.com\/index.php?rest_route=\/wp\/v2\/media\/24655"}],"wp:attachment":[{"href":"https:\/\/2horizontes.com\/index.php?rest_route=%2Fwp%2Fv2%2Fmedia&parent=24654"}],"wp:term":[{"taxonomy":"category","embeddable":true,"href":"https:\/\/2horizontes.com\/index.php?rest_route=%2Fwp%2Fv2%2Fcategories&post=24654"},{"taxonomy":"post_tag","embeddable":true,"href":"https:\/\/2horizontes.com\/index.php?rest_route=%2Fwp%2Fv2%2Ftags&post=24654"}],"curies":[{"name":"wp","href":"https:\/\/api.w.org\/{rel}","templated":true}]}}