{"id":24613,"date":"2015-09-17T11:27:34","date_gmt":"2015-09-17T10:27:34","guid":{"rendered":"http:\/\/2horizontes.com\/?p=24613"},"modified":"2015-09-17T11:27:34","modified_gmt":"2015-09-17T10:27:34","slug":"el-fallecido-lider-espiritual-del-vudu-recibe-homenaje-del-gobierno-de-haiti","status":"publish","type":"post","link":"https:\/\/2horizontes.com\/?p=24613","title":{"rendered":"El fallecido l\u00edder espiritual del vud\u00fa recibe homenaje del Gobierno de Hait\u00ed"},"content":{"rendered":"<div id=\"ArticleAuthorDiv\" class=\"article-body-author\"><b>EFE<\/b><\/div>\n<div id=\"ArticleSourceDiv\" class=\"article-body-author\"><b>Puerto Pr\u00edncipe<\/b><\/div>\n<div id=\"ArticleBody\">\n<p>El Gobierno de Hait\u00ed rindi\u00f3 hoy un homenaje nacional al l\u00edder espiritual del vud\u00fa en el pa\u00eds, Max Gesner Beauvoir, quien falleci\u00f3 este s\u00e1bado a los 79 a\u00f1os en Puerto Pr\u00edncipe.<\/p>\n<p>Al mismo asistieron el presidente haitiano, Michel Martelly, y el primer ministro, Evans Paul.<\/p>\n<p>Tras la reverencia, el cuerpo de Gesner Beauvoir fue enterrado en la localidad de Mariani, cerca de la capital y al oeste del pa\u00eds, donde se encuentra un peristilo erigido en 1974 por \u00e9l mismo y en el que comenz\u00f3 su difusi\u00f3n para la mejor comprensi\u00f3n del vud\u00fa.<\/p>\n<p>El acto de homenaje a Beauvoir, que incluy\u00f3 una condecoraci\u00f3n al difunto, se llev\u00f3 a cabo en la plaza Champs de Mars (Campo de Marte) de la capital haitiana.<\/p>\n<p>A trav\u00e9s de su cuenta oficial de la red social Twitter, el director general del Ministerio de Comunicaci\u00f3n, Calvin Cadet, dijo este mi\u00e9rcoles que la muerte de Beauvoir hab\u00eda entristecido a todos los sectores de Hait\u00ed.<\/p>\n<p>Beauvoir, bioqu\u00edmico de formaci\u00f3n, era miembro fundador de la Confederaci\u00f3n Nacional del Vud\u00fa de Hait\u00ed y de la plataforma Religiones para la Paz, que re\u00fane las distintas tendencias religiosas del pa\u00eds.<\/p>\n<p>Fue nombrado \u00abAti Nacional\u00bb, l\u00edder del vud\u00fa, en el a\u00f1o 2008 y desde ese puesto quiso desmitificar y dar a conocer dichas pr\u00e1cticas a todo aquel que as\u00ed lo quisiera, abriendo los templos donde se llevaban a cabo las ceremonias.<\/p>\n<p>El vud\u00fa, cuerpo de creencias y pr\u00e1cticas religiosas que incluyen fetichismo, culto a las serpientes, sacrificios rituales y empleo del trance como medio de comunicaci\u00f3n con sus deidades, procede de \u00c1frica y se pr\u00e1ctica ampliamente en la isla caribe\u00f1a.<\/p>\n<\/div>\n","protected":false},"excerpt":{"rendered":"<p>EFE Puerto Pr\u00edncipe El Gobierno de Hait\u00ed rindi\u00f3 hoy un homenaje nacional al l\u00edder espiritual del vud\u00fa en el pa\u00eds, Max Gesner Beauvoir, quien falleci\u00f3 este s\u00e1bado a los 79 a\u00f1os en Puerto Pr\u00edncipe. Al mismo asistieron el presidente haitiano, Michel Martelly, y el primer ministro, Evans Paul. Tras la reverencia, el cuerpo de Gesner [&hellip;]<\/p>\n","protected":false},"author":7,"featured_media":24614,"comment_status":"open","ping_status":"open","sticky":false,"template":"","format":"standard","meta":{"footnotes":""},"categories":[62,47,40],"tags":[],"class_list":["post-24613","post","type-post","status-publish","format-standard","has-post-thumbnail","hentry","category-cultura","category-haiti","category-internacionales"],"_links":{"self":[{"href":"https:\/\/2horizontes.com\/index.php?rest_route=\/wp\/v2\/posts\/24613","targetHints":{"allow":["GET"]}}],"collection":[{"href":"https:\/\/2horizontes.com\/index.php?rest_route=\/wp\/v2\/posts"}],"about":[{"href":"https:\/\/2horizontes.com\/index.php?rest_route=\/wp\/v2\/types\/post"}],"author":[{"embeddable":true,"href":"https:\/\/2horizontes.com\/index.php?rest_route=\/wp\/v2\/users\/7"}],"replies":[{"embeddable":true,"href":"https:\/\/2horizontes.com\/index.php?rest_route=%2Fwp%2Fv2%2Fcomments&post=24613"}],"version-history":[{"count":1,"href":"https:\/\/2horizontes.com\/index.php?rest_route=\/wp\/v2\/posts\/24613\/revisions"}],"predecessor-version":[{"id":24615,"href":"https:\/\/2horizontes.com\/index.php?rest_route=\/wp\/v2\/posts\/24613\/revisions\/24615"}],"wp:featuredmedia":[{"embeddable":true,"href":"https:\/\/2horizontes.com\/index.php?rest_route=\/wp\/v2\/media\/24614"}],"wp:attachment":[{"href":"https:\/\/2horizontes.com\/index.php?rest_route=%2Fwp%2Fv2%2Fmedia&parent=24613"}],"wp:term":[{"taxonomy":"category","embeddable":true,"href":"https:\/\/2horizontes.com\/index.php?rest_route=%2Fwp%2Fv2%2Fcategories&post=24613"},{"taxonomy":"post_tag","embeddable":true,"href":"https:\/\/2horizontes.com\/index.php?rest_route=%2Fwp%2Fv2%2Ftags&post=24613"}],"curies":[{"name":"wp","href":"https:\/\/api.w.org\/{rel}","templated":true}]}}