{"id":24610,"date":"2015-09-17T11:23:33","date_gmt":"2015-09-17T10:23:33","guid":{"rendered":"http:\/\/2horizontes.com\/?p=24610"},"modified":"2015-09-17T11:43:59","modified_gmt":"2015-09-17T10:43:59","slug":"los-latinos-en-pie-de-guerra-contra-trump-no-tenemos-miedo-dicen","status":"publish","type":"post","link":"https:\/\/2horizontes.com\/?p=24610","title":{"rendered":"Los latinos en pie de guerra contra Trump: \u00abNo tenemos miedo\u00bb, dicen"},"content":{"rendered":"<div id=\"ArticleAuthorDiv\" class=\"article-body-author\"><b>AFP<\/b><\/div>\n<div id=\"ArticleSourceDiv\" class=\"article-body-author\"><b>Los Angeles<\/b><\/div>\n<div id=\"ArticleBody\">\n<p>\u00abLas cosas que dice ese se\u00f1or no representan a los latinos. Que construya los muros que quiera, no tenemos miedo\u00bb, se\u00f1ala en\u00e9rgico Roberto Centeno sobre la controvertida iniciativa del precandidato republicano Donald Trump para frenar la inmigraci\u00f3n ilegal en Estados Unidos.<\/p>\n<p>\u00abCuando llegue la hora de la verdad, se le cerrar\u00e1n las puertas de la Casa Blanca. Este pa\u00eds es m\u00e1s sensato que \u00e9l\u00bb, explica a la AFP este joven mexicano que trabaja como inform\u00e1tico en el centro de Los \u00c1ngeles (oeste).<\/p>\n<p>Centeno no se perder\u00e1 por nada la intervenci\u00f3n de Trump durante el segundo debate por las primarias republicanas que comenzar\u00e1 este mi\u00e9rcoles a las 17H00 locales (00H00 GMT del jueves) en la Biblioteca y Museo Presidencial Ronald Reagan, situada en la ciudad californiana de Simi Valley.<\/p>\n<p>El magnate y hombre de negocios ha exaltado la comunidad hispana al anunciar que expulsar\u00e1 a todas las personas indocumentadas y describir a los mexicanos que llegan a Estados Unidos de forma ilegal como narcotraficantes, criminales y violadores.<\/p>\n<p>Adem\u00e1s, quiere construir un muro a lo largo de la frontera con M\u00e9xico que blinde a los estadounidenses de su llegada.<\/p>\n<p>A pesar de las cr\u00edticas recibidas, sus ideas le han empujado a liderar las encuestas republicanas, por delante de candidatos como Jeb Bush, Marco Rubio o Ted Cruz.<\/p>\n<p>\u00abA Trump se le olvida nuestro poder. Aqu\u00ed en California ya somos mayor\u00eda. Nadie puede ignorarnos\u00bb, apunta Alfredo Rinc\u00f3n, tambi\u00e9n un inform\u00e1tico mexicano.<\/p>\n<p>Los \u00faltimos datos del censo de junio confirmaron que esta regi\u00f3n del oeste del pa\u00eds se convirti\u00f3 en el primer estado de mayor\u00eda hispana, con 14,99 millones de latinos frente a 14,92 millones de blancos.<\/p>\n<p>Se calcula que un tercio no tiene documentos legales y que 2,2 millones son residentes permanentes que pueden solicitar la ciudadan\u00eda estadounidense.<\/p>\n<p>Los hispanos tambi\u00e9n son la primera minor\u00eda en todo el pa\u00eds con 55 millones de personas y cruciales para impulsar la econom\u00eda, aunque por ahora solo 11 millones pueden votar.<\/p>\n<p><strong>&#8211; La soluci\u00f3n est\u00e1 en las urnas <\/strong><br \/>\nEl malestar de los latinos con Trump se ha sentido principalmente en los medios de comunicaci\u00f3n en espa\u00f1ol, como las cadenas de televisi\u00f3n Univisi\u00f3n y Telemundo, y las organizaciones humanitarias.<\/p>\n<p>Artistas como los cantantes Ricky Martin, Shakira y Marc Anthony tambi\u00e9n han levantado su voz para decir \u00abbasta\u00bb a los discursos antimexicano y antiinmigrante del empresario.<\/p>\n<p>En opini\u00f3n de Enrique Cisneros, un alba\u00f1il guatemalteco de 57 a\u00f1os, poco pueden hacer los ciudadanos ahora mismo para frenar la popularidad del magnate.<\/p>\n<p>\u00abEse se\u00f1or sale por la televisi\u00f3n y dice cualquier cosa. Pero nuestro momento llegar\u00e1 a la hora de votar\u00bb, asegura, mientras se toca sus castigadas manos de tanto mezclar cemento. Sus \u00abataques\u00bb se contrarrestan eligiendo a \u00abun presidente que piense en la comunidad\u00bb, acot\u00f3.<\/p>\n<p>Su esposa Guadalupe, que trabaja como camarera de un hotel, cree sin embargo que el presidente Barack Obama tiene parte de culpa, porque no ha cumplido con su promesa de aprobar una nueva reforma migratoria.<\/p>\n<p>\u00abLe dimos ocho a\u00f1os para que lo hiciera\u00bb, subraya sobre los dos mandatos de cuatro que gan\u00f3. \u00abSe ir\u00e1 y nada habr\u00e1 cambiado\u00bb, lamenta.<\/p>\n<p>Obama aprob\u00f3 en noviembre pasado varias medidas por decreto ante la inacci\u00f3n del Congreso, pero un juez de Texas (sur) las congel\u00f3 al poner en duda su constitucionalidad.<\/p>\n<p>Mientras llega el momento de ir a las urnas, en noviembre de 2016, las organizaciones a favor de los derechos de los latinos han prometido convertirse en la peor pesadilla de Trump a lo largo de la campa\u00f1a presidencial.<\/p>\n<p>Varias asociaciones movilizaron este mi\u00e9rcoles unas 400 personas para protestar frente a la Biblioteca Ronald Reagan antes del inicio del debate.<\/p>\n<p>Trump \u00ablo \u00fanico que quiere es llevarnos atr\u00e1s, a un pa\u00eds que toleraba el racismo y la discriminaci\u00f3n\u00bb, manifest\u00f3 en una rueda de prensa antes de partir hacia Simi Valley la presidenta de la Coalici\u00f3n por los Derechos Humanos de los Inmigrantes en Los \u00c1ngeles (CHIRLA, en ingl\u00e9s), Ang\u00e9lica Salas.<\/p>\n<p>La directora del grupo United Here, Mar\u00eda Elena Durazo, fue m\u00e1s lejos: \u00abAhora no me preocupa tener un presidente con el que yo no est\u00e9 de acuerdo, me preocupa tener un presidente que me odia\u00bb.<\/p>\n<\/div>\n","protected":false},"excerpt":{"rendered":"<p>AFP Los Angeles \u00abLas cosas que dice ese se\u00f1or no representan a los latinos. Que construya los muros que quiera, no tenemos miedo\u00bb, se\u00f1ala en\u00e9rgico Roberto Centeno sobre la controvertida iniciativa del precandidato republicano Donald Trump para frenar la inmigraci\u00f3n ilegal en Estados Unidos. \u00abCuando llegue la hora de la verdad, se le cerrar\u00e1n las [&hellip;]<\/p>\n","protected":false},"author":7,"featured_media":24611,"comment_status":"open","ping_status":"open","sticky":false,"template":"","format":"standard","meta":{"footnotes":""},"categories":[54,40,43],"tags":[],"class_list":["post-24610","post","type-post","status-publish","format-standard","has-post-thumbnail","hentry","category-emigrantes","category-internacionales","category-politica"],"_links":{"self":[{"href":"https:\/\/2horizontes.com\/index.php?rest_route=\/wp\/v2\/posts\/24610","targetHints":{"allow":["GET"]}}],"collection":[{"href":"https:\/\/2horizontes.com\/index.php?rest_route=\/wp\/v2\/posts"}],"about":[{"href":"https:\/\/2horizontes.com\/index.php?rest_route=\/wp\/v2\/types\/post"}],"author":[{"embeddable":true,"href":"https:\/\/2horizontes.com\/index.php?rest_route=\/wp\/v2\/users\/7"}],"replies":[{"embeddable":true,"href":"https:\/\/2horizontes.com\/index.php?rest_route=%2Fwp%2Fv2%2Fcomments&post=24610"}],"version-history":[{"count":1,"href":"https:\/\/2horizontes.com\/index.php?rest_route=\/wp\/v2\/posts\/24610\/revisions"}],"predecessor-version":[{"id":24612,"href":"https:\/\/2horizontes.com\/index.php?rest_route=\/wp\/v2\/posts\/24610\/revisions\/24612"}],"wp:featuredmedia":[{"embeddable":true,"href":"https:\/\/2horizontes.com\/index.php?rest_route=\/wp\/v2\/media\/24611"}],"wp:attachment":[{"href":"https:\/\/2horizontes.com\/index.php?rest_route=%2Fwp%2Fv2%2Fmedia&parent=24610"}],"wp:term":[{"taxonomy":"category","embeddable":true,"href":"https:\/\/2horizontes.com\/index.php?rest_route=%2Fwp%2Fv2%2Fcategories&post=24610"},{"taxonomy":"post_tag","embeddable":true,"href":"https:\/\/2horizontes.com\/index.php?rest_route=%2Fwp%2Fv2%2Ftags&post=24610"}],"curies":[{"name":"wp","href":"https:\/\/api.w.org\/{rel}","templated":true}]}}