{"id":2458,"date":"2014-10-02T22:44:20","date_gmt":"2014-10-02T22:44:20","guid":{"rendered":"http:\/\/2horizontes.com\/?p=2458"},"modified":"2014-10-02T22:44:20","modified_gmt":"2014-10-02T22:44:20","slug":"comercio-de-america-latina-se-estanca-por-tercer-ano-consecutivo-segun-cepal","status":"publish","type":"post","link":"https:\/\/2horizontes.com\/?p=2458","title":{"rendered":"Comercio de Am\u00e9rica Latina se estanca por tercer a\u00f1o consecutivo, seg\u00fan Cepal"},"content":{"rendered":"<p>EFE.Santiago de Chile.- Un virtual estancamiento registrar\u00eda este a\u00f1o el comercio de Am\u00e9rica Latina y El Caribe por tercer a\u00f1o consecutivo debido al deterioro de las perspectivas de la econom\u00eda mundial, seg\u00fan un informe anual elaborado por la Cepal y que ser\u00e1 dado a conocer en detalle el pr\u00f3ximo 9 de octubre.<\/p>\n<p>La Comisi\u00f3n Econ\u00f3mica para Am\u00e9rica Latina y el Caribe (Cepal) se\u00f1al\u00f3 hoy que la situaci\u00f3n econ\u00f3mica internacional ha empeorado en el transcurso de este a\u00f1o, lo que repercutir\u00eda en una casi nula expansi\u00f3n del comercio de la regi\u00f3n.<\/p>\n<p>\u00abLa magnitud de este d\u00e9bil desempe\u00f1o se detallar\u00e1 en el informe Panorama de la Inserci\u00f3n Internacional de Am\u00e9rica Latina y el Caribe 2014, que la Cepal lanzar\u00e1 el pr\u00f3ximo jueves 9 de octubre en su sede de Santiago\u00bb, dijo el organismo en un comunicado.<\/p>\n<p>El informe anual, uno de los m\u00e1s importantes de esta comisi\u00f3n regional de las Naciones Unidas, ser\u00e1 dado a conocer en una conferencia de prensa encabezada por la secretaria ejecutiva del organismo, Alicia B\u00e1rcena.<\/p>\n<p>El documento, preparado por la Divisi\u00f3n de Comercio Internacional e Integraci\u00f3n de la Cepal, entregar\u00e1 en su versi\u00f3n 2014 un examen de la coyuntura internacional y sus repercusiones en el comercio mundial y regional.<\/p>\n<p>Asimismo, presentar\u00e1 un an\u00e1lisis de la participaci\u00f3n de Am\u00e9rica Latina y el Caribe en las cadenas internacionales de valor y de los diversos \u00e1mbitos en que la cooperaci\u00f3n pueden contribuir a fortalecer la integraci\u00f3n productiva entre las econom\u00edas de la regi\u00f3n.<\/p>\n<p>En su \u00faltimo cap\u00edtulo el informe evaluar\u00e1 la relaciones intra y extra regionales de los pa\u00edses de la Comunidad del Caribe (Caricom).<\/p>\n","protected":false},"excerpt":{"rendered":"<p>EFE.Santiago de Chile.- Un virtual estancamiento registrar\u00eda este a\u00f1o el comercio de Am\u00e9rica Latina y El Caribe por tercer a\u00f1o consecutivo debido al deterioro de las perspectivas de la econom\u00eda mundial, seg\u00fan un informe anual elaborado por la Cepal y que ser\u00e1 dado a conocer en detalle el pr\u00f3ximo 9 de octubre. La Comisi\u00f3n Econ\u00f3mica [&hellip;]<\/p>\n","protected":false},"author":1,"featured_media":0,"comment_status":"open","ping_status":"open","sticky":false,"template":"","format":"standard","meta":{"footnotes":""},"categories":[1],"tags":[],"class_list":["post-2458","post","type-post","status-publish","format-standard","hentry","category-entretenimiento"],"_links":{"self":[{"href":"https:\/\/2horizontes.com\/index.php?rest_route=\/wp\/v2\/posts\/2458","targetHints":{"allow":["GET"]}}],"collection":[{"href":"https:\/\/2horizontes.com\/index.php?rest_route=\/wp\/v2\/posts"}],"about":[{"href":"https:\/\/2horizontes.com\/index.php?rest_route=\/wp\/v2\/types\/post"}],"author":[{"embeddable":true,"href":"https:\/\/2horizontes.com\/index.php?rest_route=\/wp\/v2\/users\/1"}],"replies":[{"embeddable":true,"href":"https:\/\/2horizontes.com\/index.php?rest_route=%2Fwp%2Fv2%2Fcomments&post=2458"}],"version-history":[{"count":1,"href":"https:\/\/2horizontes.com\/index.php?rest_route=\/wp\/v2\/posts\/2458\/revisions"}],"predecessor-version":[{"id":2459,"href":"https:\/\/2horizontes.com\/index.php?rest_route=\/wp\/v2\/posts\/2458\/revisions\/2459"}],"wp:attachment":[{"href":"https:\/\/2horizontes.com\/index.php?rest_route=%2Fwp%2Fv2%2Fmedia&parent=2458"}],"wp:term":[{"taxonomy":"category","embeddable":true,"href":"https:\/\/2horizontes.com\/index.php?rest_route=%2Fwp%2Fv2%2Fcategories&post=2458"},{"taxonomy":"post_tag","embeddable":true,"href":"https:\/\/2horizontes.com\/index.php?rest_route=%2Fwp%2Fv2%2Ftags&post=2458"}],"curies":[{"name":"wp","href":"https:\/\/api.w.org\/{rel}","templated":true}]}}