{"id":24543,"date":"2015-09-17T01:39:47","date_gmt":"2015-09-17T00:39:47","guid":{"rendered":"http:\/\/2horizontes.com\/?p=24543"},"modified":"2015-09-17T01:39:47","modified_gmt":"2015-09-17T00:39:47","slug":"danilo-medina-dice-ha-sacado-de-la-pobreza-a-mas-de-500-mil-dominicanos","status":"publish","type":"post","link":"https:\/\/2horizontes.com\/?p=24543","title":{"rendered":"Danilo Medina dice ha sacado de la pobreza a m\u00e1s de 500 mil dominicanos"},"content":{"rendered":"<div id=\"ArticleBody\">\n<p>RD- SANTO DOMINGO-El presidente Danilo Medina afirm\u00f3 esta noche en Santiago que ha sacado de la pobreza a m\u00e1s de 500 mil dominicanos, en su mayor\u00eda perteneciente a las comunidades rurales del pa\u00eds.<\/p>\n<p>El mandatario, al hacer un recuento de sus tres a\u00f1os de gesti\u00f3n ante empresarios de Santiago, durante la expo feria en esa ciudad, dijo que los resultados de su gesti\u00f3n los dominicanos estar\u00e1n vi\u00e9ndolo por d\u00e9cadas.<\/p>\n<p>\u201cNo le regalamos a nadie pescado, los ense\u00f1amos a pescar,\u00a0 y a hacer de esa pesca un negocio pr\u00f3spero\u201d, indic\u00f3.<\/p>\n<p>Sobre la educaci\u00f3n, explic\u00f3 que cumpli\u00f3 con la asignaci\u00f3n del 4% del Producto Interno Bruto (PIB) y se logr\u00f3 la firma del pacto por una mejor educaci\u00f3n en el pa\u00eds, lo que va a permitir que un mill\u00f3n de ni\u00f1os y ni\u00f1as est\u00e9n inscritos en la tanda extendida, lo que los pondr\u00e1\u00a0 a salvo de los problemas que se presentan en las calles. \u201cDentro de poco nuestro pa\u00eds ser\u00e1 declarado territorio libre de analfabetismo\u201d.<\/p>\n<p>\u201cLo hemos logrado, conjugar todos los interese y dar respuesta a las distintas necesidades del pa\u00eds, atender las necesidades de nuestra poblaci\u00f3n. Me propuse trabajar de la mano con todos los sectores\u201d, dijo Medina.<\/p>\n<p>Dijo que ha realizado 111 visitas sorpresas y se han creado 254 mil puestos de trabajo, y que al culminar esta gesti\u00f3n su Gobierno habr\u00e1 creado 471 empleos dignos.<\/p>\n<p>\u201cEstamos frente a un escenario econ\u00f3mico para continuar sobre la senda del progreso. Que no le quepa duda que estaremos viendo los resultados de este cambio por d\u00e9cadas\u201d, enfatiz\u00f3.<\/p>\n<\/div>\n<div><\/div>\n<p>&nbsp;<\/p>\n","protected":false},"excerpt":{"rendered":"<p>RD- SANTO DOMINGO-El presidente Danilo Medina afirm\u00f3 esta noche en Santiago que ha sacado de la pobreza a m\u00e1s de 500 mil dominicanos, en su mayor\u00eda perteneciente a las comunidades rurales del pa\u00eds. El mandatario, al hacer un recuento de sus tres a\u00f1os de gesti\u00f3n ante empresarios de Santiago, durante la expo feria en esa [&hellip;]<\/p>\n","protected":false},"author":8,"featured_media":24544,"comment_status":"open","ping_status":"open","sticky":false,"template":"","format":"standard","meta":{"footnotes":""},"categories":[43,44],"tags":[],"class_list":["post-24543","post","type-post","status-publish","format-standard","has-post-thumbnail","hentry","category-politica","category-republica-dominicana"],"_links":{"self":[{"href":"https:\/\/2horizontes.com\/index.php?rest_route=\/wp\/v2\/posts\/24543","targetHints":{"allow":["GET"]}}],"collection":[{"href":"https:\/\/2horizontes.com\/index.php?rest_route=\/wp\/v2\/posts"}],"about":[{"href":"https:\/\/2horizontes.com\/index.php?rest_route=\/wp\/v2\/types\/post"}],"author":[{"embeddable":true,"href":"https:\/\/2horizontes.com\/index.php?rest_route=\/wp\/v2\/users\/8"}],"replies":[{"embeddable":true,"href":"https:\/\/2horizontes.com\/index.php?rest_route=%2Fwp%2Fv2%2Fcomments&post=24543"}],"version-history":[{"count":1,"href":"https:\/\/2horizontes.com\/index.php?rest_route=\/wp\/v2\/posts\/24543\/revisions"}],"predecessor-version":[{"id":24545,"href":"https:\/\/2horizontes.com\/index.php?rest_route=\/wp\/v2\/posts\/24543\/revisions\/24545"}],"wp:featuredmedia":[{"embeddable":true,"href":"https:\/\/2horizontes.com\/index.php?rest_route=\/wp\/v2\/media\/24544"}],"wp:attachment":[{"href":"https:\/\/2horizontes.com\/index.php?rest_route=%2Fwp%2Fv2%2Fmedia&parent=24543"}],"wp:term":[{"taxonomy":"category","embeddable":true,"href":"https:\/\/2horizontes.com\/index.php?rest_route=%2Fwp%2Fv2%2Fcategories&post=24543"},{"taxonomy":"post_tag","embeddable":true,"href":"https:\/\/2horizontes.com\/index.php?rest_route=%2Fwp%2Fv2%2Ftags&post=24543"}],"curies":[{"name":"wp","href":"https:\/\/api.w.org\/{rel}","templated":true}]}}